{"id":11798,"date":"2022-02-14T10:40:30","date_gmt":"2022-02-14T10:40:30","guid":{"rendered":"https:\/\/ingemar.alenas.se\/?p=11798"},"modified":"2022-02-14T11:58:42","modified_gmt":"2022-02-14T11:58:42","slug":"milliontals-alyngel-invaderar-europa","status":"publish","type":"post","link":"https:\/\/ingemar.alenas.se\/?p=11798","title":{"rendered":"Milliontals \u00e5lyngel invaderar europa"},"content":{"rendered":"\n<h2 class=\"wp-block-heading\">2022-02-14 Enorma f\u00e5ngster av \u00e5lyngel rapporteras nu fr\u00e5n Frankrike. Certifierade \u00e5lf\u00e5ngare rapporterar h\u00e5vf\u00e5ngster p\u00e5 \u00f6ver 100 000 glas\u00e5lar per fiskare varje natt. Det finns i dag ca 400 certifierade fiskare. <\/h2>\n\n\n\n<p>Det \u00e4r mycket gl\u00e4djande att dessa m\u00e4ngder av \u00e5l nu dagligen kommer till Europas kuster efter att ha vandrat de \u00f6ver 700 milen fr\u00e5n sin f\u00f6delseplats i Sargassohavet.<\/p>\n\n\n\n<p>Men hur kommer det sig d\u00e5 att den Europeiska \u00e5len \u00e4r akut hotad?  Vi h\u00f6r ofta myten att ingen vet varf\u00f6r \u00e5len f\u00f6rsvinner. Saken \u00e4r den att \u00e5len \u00e4r en katadrom fiskart dvs. den f\u00f6ds i havet och v\u00e4xer upp i v\u00e5ra inlandsvatten. D\u00f6rren till \u00e5lens hem \u00e4r st\u00e4ngd. I Europa finns 1,3 miljoner dammar och i Sverige finns \u00f6ver 10 000 dammar som \u00e5len inte kan passera. \u00c5len \u00e4r helt enkelt utest\u00e4ngd fr\u00e5n sina uppv\u00e4xtomr\u00e5den och kan inte fullf\u00f6lja sin livscykel. L\u00e4s mer p\u00e5 hemsidan f\u00f6r Sustainable Eel Group <a href=\"https:\/\/www.sustainableeelgroup.org\/habitat-loss-blocked-migration-2\/\">h\u00e4r.<\/a><\/p>\n\n\n\n<figure class=\"wp-block-image size-large is-style-default\"><a href=\"https:\/\/ingemar.alenas.se\/wp-content\/uploads\/2022\/02\/Alens-utbredning.jpg\"><img loading=\"lazy\" decoding=\"async\" width=\"1024\" height=\"499\" src=\"https:\/\/ingemar.alenas.se\/wp-content\/uploads\/2022\/02\/Alens-utbredning-1024x499.jpg\" alt=\"\" class=\"wp-image-11802\" srcset=\"https:\/\/ingemar.alenas.se\/wp-content\/uploads\/2022\/02\/Alens-utbredning-1024x499.jpg 1024w, https:\/\/ingemar.alenas.se\/wp-content\/uploads\/2022\/02\/Alens-utbredning-300x146.jpg 300w, https:\/\/ingemar.alenas.se\/wp-content\/uploads\/2022\/02\/Alens-utbredning-768x374.jpg 768w, https:\/\/ingemar.alenas.se\/wp-content\/uploads\/2022\/02\/Alens-utbredning-1536x748.jpg 1536w, https:\/\/ingemar.alenas.se\/wp-content\/uploads\/2022\/02\/Alens-utbredning.jpg 1749w\" sizes=\"auto, (max-width: 1024px) 100vw, 1024px\" \/><\/a><\/figure>\n\n\n\n<p>Det \u00e4r s\u00e5ledes inte f\u00f6r sent att r\u00e4dda \u00e5len. L\u00f6sningen \u00e4r enkel &#8211; \u00e5len m\u00e5ste f\u00e5 tillg\u00e5ng till sitt hem i inlandsvattnen f\u00f6r att kunna fullg\u00f6ra sin livscykel. Alla dammar och kraftverk m\u00e5ste g\u00f6ras s\u00e4kra f\u00f6r \u00e5lvandring. Hertingprojektet visar v\u00e4gen f\u00f6r hur vi kan r\u00e4dda vandringsfisken.<\/p>\n\n\n\n<p>Nuvarande l\u00f6sning att ordna \u00e5lens vandring med flygtransporter, lastbilstransporter och personbilstransporter \u00e4r ingen h\u00e5llbar l\u00f6sning s\u00e4rskilt som det endast \u00e4r n\u00e5gra f\u00e5 \u00e5lar som erbjuds transport.<\/p>\n\n\n\n<p>Svenska forskare har uppskattat den jungfruliga, ursprungliga invandringen av \u00e5lyngel till Sverige som 340 miljoner till havet och 188-360 miljoner till inlandsvattnen. Inlandsvattnen har varit st\u00e4ngda sedan b\u00f6rjan av 1900-talet. Turbiner d\u00f6dar utvandrande blank\u00e5l. Energiforsk anger att 20% av \u00e5lynglen \u00f6verlever till utvandringsf\u00e4rdig blank\u00e5l. <\/p>\n\n\n\n<p>Internationella forskare har ocks\u00e5 modellerat glas\u00e5lsinvandringen fr\u00e5n Sargasso till Atlanten. L\u00e4s mer <a href=\"https:\/\/academic.oup.com\/icesjms\/article\/75\/2\/541\/4259273?fbclid=IwAR22fakCBIAuQYNSVtz6NjDyS5y9ADArQdLepy5zI2A2s0Zs31TXwPug-ss&amp;login=false\">h\u00e4r.<\/a> \u00c5r 1962 ber\u00e4knades invandringen till 1 959 072 kilo glas\u00e5l och 2011 till 6 439 kilo.  L\u00e4s mer <a href=\"https:\/\/academic.oup.com\/icesjms\/article\/75\/2\/541\/4259273?fbclid=IwAR22fakCBIAuQYNSVtz6NjDyS5y9ADArQdLepy5zI2A2s0Zs31TXwPug-ss&amp;login=false\">h\u00e4r.<\/a> Det g\u00e5r \u00f6ver 1000 glas\u00e5lar per kilo och n\u00e4r Sverige k\u00f6per f\u00f6r uts\u00e4ttning kostar de \u00f6ver 5 kronor per styck. \u00c5lyngel som \u00e4r glas\u00e5lar kan v\u00e4ga 0,3 g medan pigmenterade \u00e5lyngel som vandrar upp i s\u00f6tvatten kan v\u00e4ga 1 gram per styck.<\/p>\n\n\n\n<p>Det \u00e4r tragiskt att vi forts\u00e4tter att utest\u00e4nga miljontals \u00e5lyngel fr\u00e5n sitt hem i v\u00e5ra inlandsvatten. Det \u00e4r tragiskt att vi l\u00e5ssas som att vi inte vet varf\u00f6r \u00e5len f\u00f6rsvinner n\u00e4r vi utest\u00e4ngt \u00e5len fr\u00e5n sitt hem. &#8221;Det man inte vet har man inte ont av&#8221;. Men \u00e5len lider. Vad s\u00e4ger \u00e5len? Lyssna\u00a0<a href=\"https:\/\/sverigesradio.se\/avsnitt\/385939\">h\u00e4r<\/a>\u00a0ca 1:40 in i inslaget!<\/p>\n\n\n\n<p><\/p>\n","protected":false},"excerpt":{"rendered":"<p>2022-02-14 Enorma f\u00e5ngster av \u00e5lyngel rapporteras nu fr\u00e5n Frankrike. Certifierade \u00e5lf\u00e5ngare rapporterar h\u00e5vf\u00e5ngster p\u00e5 \u00f6ver 100 000 glas\u00e5lar per fiskare varje natt. Det finns i dag ca 400 certifierade fiskare. Det \u00e4r mycket gl\u00e4djande att dessa m\u00e4ngder av \u00e5l nu dagligen kommer till Europas kuster efter att ha vandrat de \u00f6ver 700 milen fr\u00e5n sin &hellip; <a href=\"https:\/\/ingemar.alenas.se\/?p=11798\" class=\"more-link\">Forts\u00e4tt l\u00e4sa <span class=\"screen-reader-text\">Milliontals \u00e5lyngel invaderar europa<\/span> <span class=\"meta-nav\">&rarr;<\/span><\/a><\/p>\n","protected":false},"author":1,"featured_media":7867,"comment_status":"closed","ping_status":"closed","sticky":false,"template":"","format":"standard","meta":{"ngg_post_thumbnail":0,"footnotes":""},"categories":[2,3],"tags":[],"class_list":["post-11798","post","type-post","status-publish","format-standard","has-post-thumbnail","hentry","category-naturnytt","category-vattenblank"],"_links":{"self":[{"href":"https:\/\/ingemar.alenas.se\/index.php?rest_route=\/wp\/v2\/posts\/11798","targetHints":{"allow":["GET"]}}],"collection":[{"href":"https:\/\/ingemar.alenas.se\/index.php?rest_route=\/wp\/v2\/posts"}],"about":[{"href":"https:\/\/ingemar.alenas.se\/index.php?rest_route=\/wp\/v2\/types\/post"}],"author":[{"embeddable":true,"href":"https:\/\/ingemar.alenas.se\/index.php?rest_route=\/wp\/v2\/users\/1"}],"replies":[{"embeddable":true,"href":"https:\/\/ingemar.alenas.se\/index.php?rest_route=%2Fwp%2Fv2%2Fcomments&post=11798"}],"version-history":[{"count":14,"href":"https:\/\/ingemar.alenas.se\/index.php?rest_route=\/wp\/v2\/posts\/11798\/revisions"}],"predecessor-version":[{"id":11816,"href":"https:\/\/ingemar.alenas.se\/index.php?rest_route=\/wp\/v2\/posts\/11798\/revisions\/11816"}],"wp:featuredmedia":[{"embeddable":true,"href":"https:\/\/ingemar.alenas.se\/index.php?rest_route=\/wp\/v2\/media\/7867"}],"wp:attachment":[{"href":"https:\/\/ingemar.alenas.se\/index.php?rest_route=%2Fwp%2Fv2%2Fmedia&parent=11798"}],"wp:term":[{"taxonomy":"category","embeddable":true,"href":"https:\/\/ingemar.alenas.se\/index.php?rest_route=%2Fwp%2Fv2%2Fcategories&post=11798"},{"taxonomy":"post_tag","embeddable":true,"href":"https:\/\/ingemar.alenas.se\/index.php?rest_route=%2Fwp%2Fv2%2Ftags&post=11798"}],"curies":[{"name":"wp","href":"https:\/\/api.w.org\/{rel}","templated":true}]}}