{"id":11789,"date":"2022-02-10T18:26:41","date_gmt":"2022-02-10T18:26:41","guid":{"rendered":"https:\/\/ingemar.alenas.se\/?p=11789"},"modified":"2022-02-11T15:05:47","modified_gmt":"2022-02-11T15:05:47","slug":"spokgarn-finns-dom","status":"publish","type":"post","link":"https:\/\/ingemar.alenas.se\/?p=11789","title":{"rendered":"Sp\u00f6kgarn finns dom?"},"content":{"rendered":"\n<h2 class=\"wp-block-heading\">2022-02-10 Sp\u00f6kgarn borde vara n\u00e5got som inte finns precis som sp\u00f6ken. Men tyv\u00e4rr \u00e4r sp\u00f6kgarn vanliga vid v\u00e5ra kuster.<\/h2>\n\n\n\n<p>Utanf\u00f6r v\u00e5r kust finns det f\u00f6rlorade f\u00e5ngstgarn och andra f\u00e5ngstredskap som tappats av fiskare. Dessa kallas med ett gemensamt ord f\u00f6r \u201dSp\u00f6kgarn\u201d.<\/p>\n\n\n\n<p>Bilden ovan \u00e4r tagen f\u00f6r n\u00e5gra dagar sedan mellan Olofsbo och Ager\u00f6r. N\u00e4tet har bl\u00e5st upp p\u00e5 land och djur och f\u00e5glar riskerar att sn\u00e4rjas in och d\u00f6. L\u00e4s mer <a href=\"https:\/\/www.regionhalland.se\/app\/uploads\/2021\/05\/Folder-om-projektet-Spo%CC%88kgarn.pdf\">h\u00e4r.<\/a><\/p>\n\n\n\n<p>Plasten i n\u00e4ten bryts sakta ner till microplaster som sedan f\u00f6rs \u00f6ver i det marina djurlivet. Man vet att olika sorters plastmaterial bryts ner och s\u00f6nderdelas till mikro- och nanopartiklar. Partiklarna blir mat f\u00f6r plankton, som i sin tur \u00e4ts av st\u00f6rre djur, som till exempel fiskar. Fiskarna anv\u00e4nds sedan av oss som matfiskar. Kanske kan man d\u00e5 s\u00e4ga att \u00e4ven sp\u00f6ken finns? Det vi kastar i  naturen kommer tillbaka som en bumerang.<\/p>\n\n\n\n<p>M\u00e5nga \u00e4r involverade i kampen mot sp\u00f6kgarnen  som WWF, Naturskyddsf\u00f6reningen, Rotary med flera. Du kan ocks\u00e5 vara med och st\u00f6tta \u201dProjekt Sp\u00f6kgarn\u201d och bli sponsor eller g\u00e5vogivare, L\u00e4s mer <a href=\"https:\/\/www.regionhalland.se\/app\/uploads\/2021\/05\/Folder-om-projektet-Spo%CC%88kgarn.pdf\">h\u00e4r<\/a>.<\/p>\n\n\n\n<p>WWF aktuell rapport om plastskr\u00e4p, l\u00e4s mer <a href=\"https:\/\/www.wwf.se\/pressmeddelande\/plastskrap-hotar-havens-arter-och-ekosystem-4177161\/\">h\u00e4r.<\/a><\/p>\n","protected":false},"excerpt":{"rendered":"<p>2022-02-10 Sp\u00f6kgarn borde vara n\u00e5got som inte finns precis som sp\u00f6ken. Men tyv\u00e4rr \u00e4r sp\u00f6kgarn vanliga vid v\u00e5ra kuster. Utanf\u00f6r v\u00e5r kust finns det f\u00f6rlorade f\u00e5ngstgarn och andra f\u00e5ngstredskap som tappats av fiskare. Dessa kallas med ett gemensamt ord f\u00f6r \u201dSp\u00f6kgarn\u201d. Bilden ovan \u00e4r tagen f\u00f6r n\u00e5gra dagar sedan mellan Olofsbo och Ager\u00f6r. N\u00e4tet har &hellip; <a href=\"https:\/\/ingemar.alenas.se\/?p=11789\" class=\"more-link\">Forts\u00e4tt l\u00e4sa <span class=\"screen-reader-text\">Sp\u00f6kgarn finns dom?<\/span> <span class=\"meta-nav\">&rarr;<\/span><\/a><\/p>\n","protected":false},"author":1,"featured_media":11790,"comment_status":"closed","ping_status":"closed","sticky":false,"template":"","format":"standard","meta":{"ngg_post_thumbnail":0,"footnotes":""},"categories":[2],"tags":[],"class_list":["post-11789","post","type-post","status-publish","format-standard","has-post-thumbnail","hentry","category-naturnytt"],"_links":{"self":[{"href":"https:\/\/ingemar.alenas.se\/index.php?rest_route=\/wp\/v2\/posts\/11789","targetHints":{"allow":["GET"]}}],"collection":[{"href":"https:\/\/ingemar.alenas.se\/index.php?rest_route=\/wp\/v2\/posts"}],"about":[{"href":"https:\/\/ingemar.alenas.se\/index.php?rest_route=\/wp\/v2\/types\/post"}],"author":[{"embeddable":true,"href":"https:\/\/ingemar.alenas.se\/index.php?rest_route=\/wp\/v2\/users\/1"}],"replies":[{"embeddable":true,"href":"https:\/\/ingemar.alenas.se\/index.php?rest_route=%2Fwp%2Fv2%2Fcomments&post=11789"}],"version-history":[{"count":6,"href":"https:\/\/ingemar.alenas.se\/index.php?rest_route=\/wp\/v2\/posts\/11789\/revisions"}],"predecessor-version":[{"id":11797,"href":"https:\/\/ingemar.alenas.se\/index.php?rest_route=\/wp\/v2\/posts\/11789\/revisions\/11797"}],"wp:featuredmedia":[{"embeddable":true,"href":"https:\/\/ingemar.alenas.se\/index.php?rest_route=\/wp\/v2\/media\/11790"}],"wp:attachment":[{"href":"https:\/\/ingemar.alenas.se\/index.php?rest_route=%2Fwp%2Fv2%2Fmedia&parent=11789"}],"wp:term":[{"taxonomy":"category","embeddable":true,"href":"https:\/\/ingemar.alenas.se\/index.php?rest_route=%2Fwp%2Fv2%2Fcategories&post=11789"},{"taxonomy":"post_tag","embeddable":true,"href":"https:\/\/ingemar.alenas.se\/index.php?rest_route=%2Fwp%2Fv2%2Ftags&post=11789"}],"curies":[{"name":"wp","href":"https:\/\/api.w.org\/{rel}","templated":true}]}}