{"id":11692,"date":"2022-01-15T18:02:06","date_gmt":"2022-01-15T18:02:06","guid":{"rendered":"https:\/\/ingemar.alenas.se\/?p=11692"},"modified":"2022-02-01T15:22:46","modified_gmt":"2022-02-01T15:22:46","slug":"riksdagens-beslut-laggs-pa-framtiden","status":"publish","type":"post","link":"https:\/\/ingemar.alenas.se\/?p=11692","title":{"rendered":"Riksdagens beslut l\u00e4ggs p\u00e5 framtiden"},"content":{"rendered":"\n<h2 class=\"wp-block-heading\">2022-01-15 Riksdagen beslutade den 15 november att nu skall regeringen vidta fler \u00e5tg\u00e4rder f\u00f6r att minska vattenkraftens negativa p\u00e5verkan p\u00e5 hotade arter.<\/h2>\n\n\n\n<p>Nytillsatta landsbygdsministern Anna-Caren S\u00e4therberg (S) svarar nu till Fiskejournalen hur beslutet skall verkst\u00e4llas: <em>\u201dMot bakgrund av fr\u00e5gornas komplexitet, inte minst utifr\u00e5n den r\u00e5dande lagstiftningen, \u00e4r det \u00e4nnu f\u00f6r tidigt att presentera n\u00e5gon form av handlingsplan f\u00f6r dessa fr\u00e5gor. F\u00f6r regeringen \u00e4r det viktigt att det \u00e4ven i framtiden finns f\u00f6ruts\u00e4ttningar f\u00f6r ett kustn\u00e4ra fiske och en konkurrenskraftig fiskerin\u00e4ring som levererar och bereder fiskeriprodukter i Sverige.\u201d<\/em> <em>&#8221;Regeringen har uppdragit till Havs- och vattenmyndigheten att utreda &#8230;&#8230; Det \u00e4r viktiga processer som tar tid. Uppdraget ska redovisas till regeringen senast den 31 mars 2022.\u201d<\/em> L\u00e4s mer <a href=\"https:\/\/www.fiskejournalen.se\/fiskenyheter\/ministern-svarar-om-utflyttad-tralgrans-for-tidigt-att-presentera-plan\">h\u00e4r.<\/a><\/p>\n\n\n\n<p>M\u00f6nstret k\u00e4nns tyv\u00e4rr igen n\u00e4r det g\u00e4ller p\u00e5verkan av vattenkraften. Verksamheten har funnits sedan b\u00f6rjan av 1900-talet. Effekterna \u00e4r v\u00e4lk\u00e4nda d\u00e5 dammarna hindrar vandringsfiskarna samt att utvandrande fiskar d\u00f6r i turbiner och galler. \u00c5tg\u00e4rder har dock f\u00f6rdr\u00f6jts d\u00e5 verksamhetsut\u00f6varna h\u00e4vdat att vi m\u00e5ste utreda hur vi skall f\u00f6rhindra att fiskarna utest\u00e4ngs och d\u00f6r.<\/p>\n\n\n\n<p>Efter \u00f6ver hundra \u00e5r och sex \u00e5lgenerationer senare st\u00e5r vi nu inf\u00f6r faktum att \u00e5len \u00e4r akut hotad. Medan vi skall forts\u00e4tta att utreda hur vi skall r\u00e4dda \u00e5len. Man skulle kunna s\u00e4ga att patienten avlider medan utredning av orsaken p\u00e5g\u00e5r. Regeringen missar d\u00e5 helt m\u00e5let att se till att det i framtiden finns en fiskerin\u00e4ring som bereder fiskeriprodukter av \u00e5l.<\/p>\n\n\n\n<p>Den jungfruliga ursprungliga utvandringen av \u00e5l fr\u00e5n Sveriges inlandsvatten har av experter bed\u00f6mts till ca 55 miljoner kilo \u00e5rligen. I december 2021 s\u00e5ldes r\u00f6kt \u00e5l f\u00f6r 560 kronor kilot. Den st\u00f6rsta f\u00f6rlusten \u00e4r dock om \u00e5len f\u00f6rsvinner fr\u00e5n n\u00e4ringsv\u00e4ven och ekosystemen i alla Sveriges sj\u00f6ar och vattendrag.<\/p>\n\n\n\n<figure class=\"wp-block-image size-large\"><a href=\"https:\/\/ingemar.alenas.se\/wp-content\/uploads\/2022\/01\/P4760239.jpg\"><img loading=\"lazy\" decoding=\"async\" width=\"1024\" height=\"620\" src=\"https:\/\/ingemar.alenas.se\/wp-content\/uploads\/2022\/01\/P4760239-1024x620.jpg\" alt=\"\" class=\"wp-image-11697\" srcset=\"https:\/\/ingemar.alenas.se\/wp-content\/uploads\/2022\/01\/P4760239-1024x620.jpg 1024w, https:\/\/ingemar.alenas.se\/wp-content\/uploads\/2022\/01\/P4760239-300x182.jpg 300w, https:\/\/ingemar.alenas.se\/wp-content\/uploads\/2022\/01\/P4760239-768x465.jpg 768w, https:\/\/ingemar.alenas.se\/wp-content\/uploads\/2022\/01\/P4760239.jpg 1200w\" sizes=\"auto, (max-width: 1024px) 100vw, 1024px\" \/><\/a><\/figure>\n\n\n\n<p> Vad s\u00e4ger \u00e5len sj\u00e4lv om saken? Lyssna <a href=\"https:\/\/sverigesradio.se\/avsnitt\/385939\">h\u00e4r<\/a> ca 1:40 in i inslaget! <\/p>\n","protected":false},"excerpt":{"rendered":"<p>2022-01-15 Riksdagen beslutade den 15 november att nu skall regeringen vidta fler \u00e5tg\u00e4rder f\u00f6r att minska vattenkraftens negativa p\u00e5verkan p\u00e5 hotade arter. Nytillsatta landsbygdsministern Anna-Caren S\u00e4therberg (S) svarar nu till Fiskejournalen hur beslutet skall verkst\u00e4llas: \u201dMot bakgrund av fr\u00e5gornas komplexitet, inte minst utifr\u00e5n den r\u00e5dande lagstiftningen, \u00e4r det \u00e4nnu f\u00f6r tidigt att presentera n\u00e5gon form &hellip; <a href=\"https:\/\/ingemar.alenas.se\/?p=11692\" class=\"more-link\">Forts\u00e4tt l\u00e4sa <span class=\"screen-reader-text\">Riksdagens beslut l\u00e4ggs p\u00e5 framtiden<\/span> <span class=\"meta-nav\">&rarr;<\/span><\/a><\/p>\n","protected":false},"author":1,"featured_media":11696,"comment_status":"closed","ping_status":"closed","sticky":false,"template":"","format":"standard","meta":{"ngg_post_thumbnail":0,"footnotes":""},"categories":[2,3],"tags":[],"class_list":["post-11692","post","type-post","status-publish","format-standard","has-post-thumbnail","hentry","category-naturnytt","category-vattenblank"],"_links":{"self":[{"href":"https:\/\/ingemar.alenas.se\/index.php?rest_route=\/wp\/v2\/posts\/11692","targetHints":{"allow":["GET"]}}],"collection":[{"href":"https:\/\/ingemar.alenas.se\/index.php?rest_route=\/wp\/v2\/posts"}],"about":[{"href":"https:\/\/ingemar.alenas.se\/index.php?rest_route=\/wp\/v2\/types\/post"}],"author":[{"embeddable":true,"href":"https:\/\/ingemar.alenas.se\/index.php?rest_route=\/wp\/v2\/users\/1"}],"replies":[{"embeddable":true,"href":"https:\/\/ingemar.alenas.se\/index.php?rest_route=%2Fwp%2Fv2%2Fcomments&post=11692"}],"version-history":[{"count":9,"href":"https:\/\/ingemar.alenas.se\/index.php?rest_route=\/wp\/v2\/posts\/11692\/revisions"}],"predecessor-version":[{"id":11764,"href":"https:\/\/ingemar.alenas.se\/index.php?rest_route=\/wp\/v2\/posts\/11692\/revisions\/11764"}],"wp:featuredmedia":[{"embeddable":true,"href":"https:\/\/ingemar.alenas.se\/index.php?rest_route=\/wp\/v2\/media\/11696"}],"wp:attachment":[{"href":"https:\/\/ingemar.alenas.se\/index.php?rest_route=%2Fwp%2Fv2%2Fmedia&parent=11692"}],"wp:term":[{"taxonomy":"category","embeddable":true,"href":"https:\/\/ingemar.alenas.se\/index.php?rest_route=%2Fwp%2Fv2%2Fcategories&post=11692"},{"taxonomy":"post_tag","embeddable":true,"href":"https:\/\/ingemar.alenas.se\/index.php?rest_route=%2Fwp%2Fv2%2Ftags&post=11692"}],"curies":[{"name":"wp","href":"https:\/\/api.w.org\/{rel}","templated":true}]}}