{"id":11616,"date":"2022-01-10T10:43:52","date_gmt":"2022-01-10T10:43:52","guid":{"rendered":"https:\/\/ingemar.alenas.se\/?p=11616"},"modified":"2022-01-10T12:39:59","modified_gmt":"2022-01-10T12:39:59","slug":"natur-i-rutan","status":"publish","type":"post","link":"https:\/\/ingemar.alenas.se\/?p=11616","title":{"rendered":"Natur i Rutan"},"content":{"rendered":"\n<h2 class=\"wp-block-heading\">2022-01-10 Varannan svensk vill vara mer ute i naturen och f\u00e5 naturupplevelser. Vi \u00e4r m\u00e5nga som t\u00f6rstar efter information och tips om naturen.<\/h2>\n\n\n\n<p>SVT s\u00e4nde i h\u00f6stas serien &#8221;Fiskarnas rike&#8221; som handlade om den svenska naturen och livet under ytan i v\u00e5ra vattendrag, insj\u00f6ar och havet. Det var en mycket fin och v\u00e4lgjord serie som gav h\u00f6gtidsstunder f\u00f6r alla de miljoner svenskar som n\u00e5gon g\u00e5ng sysslar med  sportfiske.<\/p>\n\n\n\n<p>TV \u00e4r en fantastisk k\u00e4lla till information och kunskap f\u00f6r olika intresseinriktningar. Vi har dagligen \u00e5terkommande s\u00e4ndningar och information om nyheter, ekonomi, sport, kultur, resor och matlagning. Det \u00e4r bra och h\u00e5ller tittarsiffrorna uppe.<\/p>\n\n\n\n<p>N\u00e4r vi l\u00e4ser artikelrubriken blir den densamma oavsett om vi l\u00e4ser fram eller bakl\u00e4nges! Meningen \u00e4r ett s\u00e5 kallat &#8221;palindrom&#8221; vilket kommer fr\u00e5n grekiskan och syftar p\u00e5 &#8221;\u00e5terkommande&#8221; d\u00e4r f\u00f6rsta delen &#8221;palin&#8221; \u00e4r &#8221;\u00e5terigen&#8221; och andra delen &#8221;dromos&#8221; \u00e4r &#8221;l\u00f6pande&#8221;. <\/p>\n\n\n\n<p>TV har en stor brist p\u00e5 \u00e5terkommande l\u00f6psedlar med naturinneh\u00e5ll. Trots att Svenskarna \u00e4r ett dokumenterat natur\u00e4lskande folk.<\/p>\n\n\n\n<p>Alla lever vi med den svenska naturen. Klimat och pandemi har gjort att kunskaper om natur och ekologi stadigt har \u00f6kat i v\u00e5rt medvetande. TV-utbudet har inte \u00f6kat i motsvarande grad. S\u00e4rskilt viktig \u00e4r informationen om den n\u00e4ra naturen d\u00e4r vi bor och verkar och information om den svenska naturen. <\/p>\n\n\n\n<p>Sportnytt, kulturnytt och ekonominyheter skulle beh\u00f6va kompletteras med Naturnytt och Ekologinyheter. Korta notiser om de senaste aktuella naturh\u00e4ndelserna \u00e4r viktigt n\u00e4r vi skall leva med naturen. T\u00e4nk att bara f\u00e5 en notis om att nu blommar vitsippan eller att nu sjunger den f\u00f6rsta l\u00e4rkan i Sk\u00e5ne! Vilken lycka! Dagens Naturnyhet skulle berika det annars ganska gr\u00e5 nyhetsutbudet.<\/p>\n\n\n\n<p>Natursidan \u00e4r en intressant webbsida som rapporterar om Sveriges natur. Nu har de \u00e4ven den 9 januari en kr\u00f6nika som behandlar det skrala TV-utbudet om svensk natur. L\u00e4s mer <a href=\"https:\/\/www.natursidan.se\/nyheter\/kronika-jag-vill-se-biggest-co2-loser-pa-tv\/\">h\u00e4r.<\/a><\/p>\n\n\n\n<p>Debatten \u00e4r startad och vi f\u00e5r se vilken TV-kanal som nappar p\u00e5 f\u00f6rslaget att tillgodose folkets t\u00f6rst efter information om v\u00e5r Svenska natur.<\/p>\n","protected":false},"excerpt":{"rendered":"<p>2022-01-10 Varannan svensk vill vara mer ute i naturen och f\u00e5 naturupplevelser. Vi \u00e4r m\u00e5nga som t\u00f6rstar efter information och tips om naturen. SVT s\u00e4nde i h\u00f6stas serien &#8221;Fiskarnas rike&#8221; som handlade om den svenska naturen och livet under ytan i v\u00e5ra vattendrag, insj\u00f6ar och havet. Det var en mycket fin och v\u00e4lgjord serie som &hellip; <a href=\"https:\/\/ingemar.alenas.se\/?p=11616\" class=\"more-link\">Forts\u00e4tt l\u00e4sa <span class=\"screen-reader-text\">Natur i Rutan<\/span> <span class=\"meta-nav\">&rarr;<\/span><\/a><\/p>\n","protected":false},"author":1,"featured_media":11617,"comment_status":"closed","ping_status":"closed","sticky":false,"template":"","format":"standard","meta":{"ngg_post_thumbnail":0,"footnotes":""},"categories":[2,3],"tags":[],"class_list":["post-11616","post","type-post","status-publish","format-standard","has-post-thumbnail","hentry","category-naturnytt","category-vattenblank"],"_links":{"self":[{"href":"https:\/\/ingemar.alenas.se\/index.php?rest_route=\/wp\/v2\/posts\/11616","targetHints":{"allow":["GET"]}}],"collection":[{"href":"https:\/\/ingemar.alenas.se\/index.php?rest_route=\/wp\/v2\/posts"}],"about":[{"href":"https:\/\/ingemar.alenas.se\/index.php?rest_route=\/wp\/v2\/types\/post"}],"author":[{"embeddable":true,"href":"https:\/\/ingemar.alenas.se\/index.php?rest_route=\/wp\/v2\/users\/1"}],"replies":[{"embeddable":true,"href":"https:\/\/ingemar.alenas.se\/index.php?rest_route=%2Fwp%2Fv2%2Fcomments&post=11616"}],"version-history":[{"count":12,"href":"https:\/\/ingemar.alenas.se\/index.php?rest_route=\/wp\/v2\/posts\/11616\/revisions"}],"predecessor-version":[{"id":11633,"href":"https:\/\/ingemar.alenas.se\/index.php?rest_route=\/wp\/v2\/posts\/11616\/revisions\/11633"}],"wp:featuredmedia":[{"embeddable":true,"href":"https:\/\/ingemar.alenas.se\/index.php?rest_route=\/wp\/v2\/media\/11617"}],"wp:attachment":[{"href":"https:\/\/ingemar.alenas.se\/index.php?rest_route=%2Fwp%2Fv2%2Fmedia&parent=11616"}],"wp:term":[{"taxonomy":"category","embeddable":true,"href":"https:\/\/ingemar.alenas.se\/index.php?rest_route=%2Fwp%2Fv2%2Fcategories&post=11616"},{"taxonomy":"post_tag","embeddable":true,"href":"https:\/\/ingemar.alenas.se\/index.php?rest_route=%2Fwp%2Fv2%2Ftags&post=11616"}],"curies":[{"name":"wp","href":"https:\/\/api.w.org\/{rel}","templated":true}]}}