{"id":11497,"date":"2021-12-24T09:30:25","date_gmt":"2021-12-24T09:30:25","guid":{"rendered":"https:\/\/ingemar.alenas.se\/?p=11497"},"modified":"2022-01-10T21:34:41","modified_gmt":"2022-01-10T21:34:41","slug":"viktig-information-om-laxen-pa-vastkusten","status":"publish","type":"post","link":"https:\/\/ingemar.alenas.se\/?p=11497","title":{"rendered":"Viktig information om Laxen p\u00e5 v\u00e4stkusten"},"content":{"rendered":"\n<h2 class=\"wp-block-heading\">2021-12-24 SLU visar i en ny rapport att den vilda laxen p\u00e5 Sveriges v\u00e4stkust \u00e4r p\u00e5verkad av odlad lax.<\/h2>\n\n\n\n<p>Det \u00e4r sedan l\u00e4nge k\u00e4nt att lax fr\u00e5n norska odlingar tar sig upp i norska \u00e4lvar och leker med vilda laxar. Detta har utarmat en stor del av de naturliga norska laxbest\u00e5nden. De senaste 30 \u00e5ren har antalet leklaxar i norska \u00e4lvar halverats och minskat fr\u00e5n ca en miljon till en halv miljon.<\/p>\n\n\n\n<p>Nu visar en svensk-norsk studie att \u00e4ven lax\u00e4lvarna p\u00e5 svenska v\u00e4stkusten \u00e4r p\u00e5verkade av fr\u00e4mmande, odlade laxar.<\/p>\n\n\n\n<p>Laxen som odlas i kassar har avlats f\u00f6r att f\u00e5 egenskaper som passar storskalig livsmedels\u00adproduktion. Den \u00e4r tydligt genetiskt avvikande fr\u00e5n vild lax och s\u00e4mre anpassad till att klara sig i naturen. N\u00e4r odlad lax reproducerar sig med vild lax blir effekten att populationens \u00f6verlevnad f\u00f6rs\u00e4mras d\u00e5 genetiska skillnader mellan olika laxbest\u00e5nd inneb\u00e4r f\u00f6rlust av biologisk m\u00e5ngfald, som riskerar artens l\u00e5ngsiktiga anpassningsf\u00f6rm\u00e5ga, s\u00e4ger Stefan Palm, huvudf\u00f6rfattare och forskare vid institutionen f\u00f6r akvatiska resurser p\u00e5 SLU till Natursidan. L\u00e4s mer p\u00e5 SLU:s hemsida <a href=\"https:\/\/www.slu.se\/ew-nyheter\/2021\/12\/odlad-norsk-lax-pa-rymmen-hotar-svensk-vild-vastkustlax\/\">h\u00e4r.<\/a><\/p>\n\n\n\n<p>Forskarna har bl.a. unders\u00f6kt \u00c4tran, \u00d6rekils\u00e4lven, G\u00f6ta \u00c4lv och Lagan. Hur stor \u00e4r d\u00e5 andelen vildlax i dessa \u00e4lvar? B\u00e4st \u00e4r l\u00e4get i \u00d6rekils\u00e4lven (98%) och \u00c4tran (91%). Mer p\u00e5verkade \u00e4r G\u00f6ta \u00c4lv (25%) och Lagan (41%). L\u00e4nk till den vetenskapliga artikeln<a href=\"https:\/\/www.int-res.com\/abstracts\/aei\/v13\/p505-513\/\"> h\u00e4r<\/a>.<\/p>\n\n\n\n<p>Hur p\u00e5verkas d\u00e5 den vilda laxen av dessa odlade &#8221;skr\u00e4pgener&#8221;? Forskarna varnar i rapporten f\u00f6r att inf\u00f6randet av odlade gener i vilda laxpopulationer visat sig ge betydligt l\u00e4gre \u00f6verlevnad fr\u00e5n 0+ till 2+ laxyngel och \u00e4r ett potent hot mot \u00f6verlevnaden av vilda laxpopulationer.<\/p>\n\n\n\n<p>V\u00e4stkustens 23 laxbest\u00e5nd best\u00e5r ofta av relativt f\u00e5 individer vilket g\u00f6r att de \u00e4r s\u00e4rskilt k\u00e4nsliga f\u00f6r denna genetiska f\u00f6rorening. Vattenkraftens odling av hundratusentals laxar f\u00f6r uts\u00e4ttning i Lagan och Nissan \u00e4r i detta avseende f\u00f6rkastlig, s\u00e4rskilt i kombination med rymlingar fr\u00e5n Norge.<\/p>\n\n\n\n<p>Laxf\u00f6rvaltningen gl\u00f6mmer ofta denna aspekt n\u00e4r man r\u00e4knar med MSY dvs hur m\u00e5nga leklaxar som beh\u00f6vs f\u00f6r ett h\u00e5llbart laxbest\u00e5nd. Det \u00e4r viktigt att \u00e4ven ta h\u00e4nsyn till best\u00e5ndets motst\u00e5ndskraft (resiliens) mot p\u00e5verkan som f\u00f6rsurning, torka, milj\u00f6gifter, bek\u00e4mpningsmedel, temperaturf\u00f6r\u00e4ndring, sedimentering, parasiter, pelagiskt fiske mm.<\/p>\n\n\n\n<p>Den b\u00e4sta f\u00f6rs\u00e4kringen f\u00f6r att bibeh\u00e5lla starka laxbest\u00e5nd \u00e4r att ordna fria vandringsv\u00e4gar och g\u00f6ra tidigare lekomr\u00e5den tillg\u00e4ngliga f\u00f6r laxen. Dagens f\u00f6rh\u00e5llanden i \u00c4tran ger en ber\u00e4knad produktion av ca 9000 laxsmolt mellan havet och \u00c4trafors. Myndigheterna ber\u00e4knar att om vattenkraftens oreglerade skador vid \u00c4trafors \u00e5tg\u00e4rdades, skulle ytterligare 34 500 laxsmolt produceras i \u00c4tran. <\/p>\n\n\n\n<p>Inf\u00f6r kommande ompr\u00f6vning i den Nationella planen \u00e4r det mycket viktigt att dessa oreglerade skador beaktas i alla \u00e4lvar. R\u00e4knar man enbart p\u00e5 hur m\u00e5nga laxar som beh\u00f6vs f\u00f6r att bibeh\u00e5lla dagens produktion (MSY) s\u00e5 kommer m\u00e5nga v\u00e4stsvenska laxbest\u00e5nd att utarmas genetiskt och p\u00e5 sikt  f\u00f6rsvinna. Hertingprojektet har f\u00f6rdubblat uppvandringen av leklax. Den positiva effekten skulle ytterligare f\u00f6rb\u00e4ttras om de oreglerade skadorna vid \u00c4trafors \u00e5tg\u00e4rdades och laxen f\u00e5r tillg\u00e5ng till fler lekomr\u00e5den.<\/p>\n\n\n\n<p>Fria vatten \u2013 EU kommissionens r\u00e5d f\u00f6r att uppn\u00e5 Agendan f\u00f6r 2030 finns\u00a0<a href=\"https:\/\/ec.europa.eu\/environment\/news\/free-flowing-rivers-commission-advises-how-select-sites-and-finance-removal-obsolete-barriers-2021-12-21_en\">h\u00e4r.<\/a><\/p>\n","protected":false},"excerpt":{"rendered":"<p>2021-12-24 SLU visar i en ny rapport att den vilda laxen p\u00e5 Sveriges v\u00e4stkust \u00e4r p\u00e5verkad av odlad lax. Det \u00e4r sedan l\u00e4nge k\u00e4nt att lax fr\u00e5n norska odlingar tar sig upp i norska \u00e4lvar och leker med vilda laxar. Detta har utarmat en stor del av de naturliga norska laxbest\u00e5nden. De senaste 30 \u00e5ren &hellip; <a href=\"https:\/\/ingemar.alenas.se\/?p=11497\" class=\"more-link\">Forts\u00e4tt l\u00e4sa <span class=\"screen-reader-text\">Viktig information om Laxen p\u00e5 v\u00e4stkusten<\/span> <span class=\"meta-nav\">&rarr;<\/span><\/a><\/p>\n","protected":false},"author":1,"featured_media":3932,"comment_status":"closed","ping_status":"closed","sticky":false,"template":"","format":"standard","meta":{"ngg_post_thumbnail":0,"footnotes":""},"categories":[2,3],"tags":[],"class_list":["post-11497","post","type-post","status-publish","format-standard","has-post-thumbnail","hentry","category-naturnytt","category-vattenblank"],"_links":{"self":[{"href":"https:\/\/ingemar.alenas.se\/index.php?rest_route=\/wp\/v2\/posts\/11497","targetHints":{"allow":["GET"]}}],"collection":[{"href":"https:\/\/ingemar.alenas.se\/index.php?rest_route=\/wp\/v2\/posts"}],"about":[{"href":"https:\/\/ingemar.alenas.se\/index.php?rest_route=\/wp\/v2\/types\/post"}],"author":[{"embeddable":true,"href":"https:\/\/ingemar.alenas.se\/index.php?rest_route=\/wp\/v2\/users\/1"}],"replies":[{"embeddable":true,"href":"https:\/\/ingemar.alenas.se\/index.php?rest_route=%2Fwp%2Fv2%2Fcomments&post=11497"}],"version-history":[{"count":16,"href":"https:\/\/ingemar.alenas.se\/index.php?rest_route=\/wp\/v2\/posts\/11497\/revisions"}],"predecessor-version":[{"id":11655,"href":"https:\/\/ingemar.alenas.se\/index.php?rest_route=\/wp\/v2\/posts\/11497\/revisions\/11655"}],"wp:featuredmedia":[{"embeddable":true,"href":"https:\/\/ingemar.alenas.se\/index.php?rest_route=\/wp\/v2\/media\/3932"}],"wp:attachment":[{"href":"https:\/\/ingemar.alenas.se\/index.php?rest_route=%2Fwp%2Fv2%2Fmedia&parent=11497"}],"wp:term":[{"taxonomy":"category","embeddable":true,"href":"https:\/\/ingemar.alenas.se\/index.php?rest_route=%2Fwp%2Fv2%2Fcategories&post=11497"},{"taxonomy":"post_tag","embeddable":true,"href":"https:\/\/ingemar.alenas.se\/index.php?rest_route=%2Fwp%2Fv2%2Ftags&post=11497"}],"curies":[{"name":"wp","href":"https:\/\/api.w.org\/{rel}","templated":true}]}}