{"id":11462,"date":"2021-12-22T12:41:51","date_gmt":"2021-12-22T12:41:51","guid":{"rendered":"https:\/\/ingemar.alenas.se\/?p=11462"},"modified":"2022-02-01T15:07:47","modified_gmt":"2022-02-01T15:07:47","slug":"lyckad-reklamkampanj","status":"publish","type":"post","link":"https:\/\/ingemar.alenas.se\/?p=11462","title":{"rendered":"Lyckad reklamkampanj"},"content":{"rendered":"\n<h2 class=\"wp-block-heading\">2021-12-22 Kampanjen &#8221;Tv\u00e5 h\u00e5l i v\u00e4ggen&#8221; bel\u00f6nades f\u00f6r 24 \u00e5r sedan med &#8221;Guld\u00e4gget&#8221; som \u00e4r ett av reklambranschens finaste pris.<\/h2>\n\n\n\n<div class=\"wp-block-image\"><figure class=\"aligncenter size-large is-resized\"><a href=\"https:\/\/ingemar.alenas.se\/wp-content\/uploads\/2021\/12\/Atrafors-2018-07-18-kopia-1.jpg\"><img loading=\"lazy\" decoding=\"async\" src=\"https:\/\/ingemar.alenas.se\/wp-content\/uploads\/2021\/12\/Atrafors-2018-07-18-kopia-1-683x1024.jpg\" alt=\"\" class=\"wp-image-11471\" width=\"342\" height=\"512\" srcset=\"https:\/\/ingemar.alenas.se\/wp-content\/uploads\/2021\/12\/Atrafors-2018-07-18-kopia-1-683x1024.jpg 683w, https:\/\/ingemar.alenas.se\/wp-content\/uploads\/2021\/12\/Atrafors-2018-07-18-kopia-1-200x300.jpg 200w, https:\/\/ingemar.alenas.se\/wp-content\/uploads\/2021\/12\/Atrafors-2018-07-18-kopia-1-768x1152.jpg 768w, https:\/\/ingemar.alenas.se\/wp-content\/uploads\/2021\/12\/Atrafors-2018-07-18-kopia-1-1024x1536.jpg 1024w, https:\/\/ingemar.alenas.se\/wp-content\/uploads\/2021\/12\/Atrafors-2018-07-18-kopia-1.jpg 1200w\" sizes=\"auto, (max-width: 342px) 100vw, 342px\" \/><\/a><figcaption>Kraftverksdammen &#8221;Var \u00e4r h\u00e5len broder?&#8221;<\/figcaption><\/figure><\/div>\n\n\n\n<p>En av pristagarna vid 2021 \u00e5rs Guld\u00e4ggsgala f\u00e5r f\u00f6ljande prismotivering: &#8221;\u00c5rets vinnar-id\u00e9 lyckas inte bara aktivera m\u00e4nniskor till en mer milj\u00f6medveten konsumtion utan aktiverar \u00e4ven f\u00f6retag till en mer milj\u00f6medveten produktion. Genom konststycket att g\u00f6ra n\u00e5got s\u00e5 oerh\u00f6rt komplext som att kalkylera en produkts ekologiska fotavtryck till n\u00e5got enkelt och inspirerande kommer den h\u00e4r id\u00e9n ocks\u00e5 i f\u00f6rl\u00e4ngningen p\u00e5verka v\u00e4rlden&#8221;. En fin prismotivering.<\/p>\n\n\n\n<p>Reklaminslaget fr\u00e5n 90-talet kanske kan tyckas vara mossigt. Men bakom priset stod diktaren och visgeniet Povel Ramel. Han \u00e4ndrade texten till sin k\u00e4nda visa <strong><em>&#8221;Var \u00e4r tv\u00e5len broder&#8221;<\/em><\/strong> till <strong><em>&#8221;Var \u00e4r h\u00e5len broder&#8221;.<\/em><\/strong>  Bolaget v\u00e4rper fortfarande efter 24 \u00e5r &#8221;Guld\u00e4gg&#8221; till sina \u00e4gare.<\/p>\n\n\n\n<p>Nu fr\u00e5gar vi oss i sann Povelanda <strong><em>&#8221;Var \u00e4r \u00e5len broder?&#8221;<\/em><\/strong> N\u00e4r man tar bort n\u00e5gra &#8221;H&#8221; s\u00e5 f\u00e5r Povels visa ett ruskigt aktuellt inneh\u00e5ll.<strong><em> &#8221;Undran och skr\u00e4ck jag k\u00e4nner var, var, var?&#8221;<\/em><\/strong> Ja, hela texten f\u00e5r ett nytt liv och en ny mening bl.a. n\u00e4r vi t\u00e4nker p\u00e5 EU:s \u00e5lf\u00f6rordning. <\/p>\n\n\n\n<p>N\u00e4r P\u00e5vel brister ut i <strong><em>&#8221;H\u00e5leluja&#8221;<\/em><\/strong> undrar man om han fick ett &#8221;haleluja-moment&#8221; om kommande \u00c5levangeliet av Patrik Svensson. Orden <em><strong>&#8221;Str\u00f6m str\u00f6m str\u00f6m&#8221; <\/strong><\/em>blir till en v\u00e4djan att fylla torrlagda forsar med vatten. <br>P\u00e5vel skaldar vidare:<\/p>\n\n\n\n<p><em><strong>&#8221;El \u00e4r l\u00f6jligt &#8211; utan h\u00e5l<br>El \u00e4r inte bra \u2013 utan h\u00e5l<br>Ingenting att ha \u2013 utan h\u00e5l<br>Bara fel \u2013 utan h\u00e5l&#8221;<\/strong><\/em><\/p>\n\n\n\n<p>Commercial. 1999. Musician Povel Ramel makes a parody of &#8221;Var \u00e4r tv\u00e5len broder?&#8221;, changed to &#8221;Var \u00e4r h\u00e5len broder?&#8221;. From Vattenfalls commercial campaign &#8221;Tv\u00e5 H\u00e5l i V\u00e4ggen&#8221; 1995 &#8211; 1999, which received the Swedish commercial award Guld\u00e4gget.<\/p>\n\n\n\n<p>Lyssna och se p\u00e5 Povels parodi p\u00e5 You Tube h\u00e4r <a href=\"https:\/\/www.youtube.com\/watch?v=xrmtqNRcBZ0\">Ram-el (in Swedish) &#8211; YouTube<\/a><br>Se \u00e4ven SVT Uppdrag Granskning &#8221;Den sista \u00e5len&#8221; <a href=\"https:\/\/www.svtplay.se\/video\/32908367\/uppdrag-granskning\/uppdrag-granskning-den-sista-alen\">h\u00e4r.<\/a><\/p>\n","protected":false},"excerpt":{"rendered":"<p>2021-12-22 Kampanjen &#8221;Tv\u00e5 h\u00e5l i v\u00e4ggen&#8221; bel\u00f6nades f\u00f6r 24 \u00e5r sedan med &#8221;Guld\u00e4gget&#8221; som \u00e4r ett av reklambranschens finaste pris. En av pristagarna vid 2021 \u00e5rs Guld\u00e4ggsgala f\u00e5r f\u00f6ljande prismotivering: &#8221;\u00c5rets vinnar-id\u00e9 lyckas inte bara aktivera m\u00e4nniskor till en mer milj\u00f6medveten konsumtion utan aktiverar \u00e4ven f\u00f6retag till en mer milj\u00f6medveten produktion. Genom konststycket att g\u00f6ra &hellip; <a href=\"https:\/\/ingemar.alenas.se\/?p=11462\" class=\"more-link\">Forts\u00e4tt l\u00e4sa <span class=\"screen-reader-text\">Lyckad reklamkampanj<\/span> <span class=\"meta-nav\">&rarr;<\/span><\/a><\/p>\n","protected":false},"author":1,"featured_media":0,"comment_status":"closed","ping_status":"closed","sticky":false,"template":"","format":"standard","meta":{"ngg_post_thumbnail":0,"footnotes":""},"categories":[2,3],"tags":[],"class_list":["post-11462","post","type-post","status-publish","format-standard","hentry","category-naturnytt","category-vattenblank"],"_links":{"self":[{"href":"https:\/\/ingemar.alenas.se\/index.php?rest_route=\/wp\/v2\/posts\/11462","targetHints":{"allow":["GET"]}}],"collection":[{"href":"https:\/\/ingemar.alenas.se\/index.php?rest_route=\/wp\/v2\/posts"}],"about":[{"href":"https:\/\/ingemar.alenas.se\/index.php?rest_route=\/wp\/v2\/types\/post"}],"author":[{"embeddable":true,"href":"https:\/\/ingemar.alenas.se\/index.php?rest_route=\/wp\/v2\/users\/1"}],"replies":[{"embeddable":true,"href":"https:\/\/ingemar.alenas.se\/index.php?rest_route=%2Fwp%2Fv2%2Fcomments&post=11462"}],"version-history":[{"count":27,"href":"https:\/\/ingemar.alenas.se\/index.php?rest_route=\/wp\/v2\/posts\/11462\/revisions"}],"predecessor-version":[{"id":11758,"href":"https:\/\/ingemar.alenas.se\/index.php?rest_route=\/wp\/v2\/posts\/11462\/revisions\/11758"}],"wp:attachment":[{"href":"https:\/\/ingemar.alenas.se\/index.php?rest_route=%2Fwp%2Fv2%2Fmedia&parent=11462"}],"wp:term":[{"taxonomy":"category","embeddable":true,"href":"https:\/\/ingemar.alenas.se\/index.php?rest_route=%2Fwp%2Fv2%2Fcategories&post=11462"},{"taxonomy":"post_tag","embeddable":true,"href":"https:\/\/ingemar.alenas.se\/index.php?rest_route=%2Fwp%2Fv2%2Ftags&post=11462"}],"curies":[{"name":"wp","href":"https:\/\/api.w.org\/{rel}","templated":true}]}}