{"id":11058,"date":"2021-10-11T14:26:21","date_gmt":"2021-10-11T14:26:21","guid":{"rendered":"https:\/\/ingemar.alenas.se\/?p=11058"},"modified":"2021-10-13T15:50:51","modified_gmt":"2021-10-13T15:50:51","slug":"stormote-for-biologisk-mangfald","status":"publish","type":"post","link":"https:\/\/ingemar.alenas.se\/?p=11058","title":{"rendered":"storm\u00f6te f\u00f6r biologisk m\u00e5ngfald"},"content":{"rendered":"\n<h2 class=\"wp-block-heading\">2021-10-11 I dag samlas 200 l\u00e4nder som skrivit under FN konventionen om biologisk m\u00e5ngfald i storm\u00f6te.  M\u00f6tet kallas COP 15 och h\u00e5lls i Kina i Konming.<\/h2>\n\n\n\n<p>Det sj\u00e4tte massutd\u00f6endet p\u00e5g\u00e5r och inneb\u00e4r kris f\u00f6r arterna inklusive m\u00e4nniskan. En miljon arter \u00e4r p\u00e5 v\u00e4g att d\u00f6 ut och 150 arter riskerar att d\u00f6 ut per dag.  Sedan 1970-talet har arterna  minskat med ca 70%. Kunmingdeklarationens m\u00e5l f\u00f6r 2030 \u00e4r att skydda 30% av livsmilj\u00f6erna mot \u00f6verexploatering och minska v\u00e5rt fotavtryck.<\/p>\n\n\n\n<p>\u00c5r 2020 m\u00f6ttes v\u00e4rldens l\u00e4nder inf\u00f6r FN:s 75-\u00e5rsjubileum om framtidens tre st\u00f6rsta utmaningar: biologisk m\u00e5ngfald, kvinnors r\u00e4ttigheter och avskaffande av k\u00e4rnvapen.<\/p>\n\n\n\n<p>Livsmilj\u00f6er riskerar att \u00f6verexploateras och landmilj\u00f6er uts\u00e4tts f\u00f6r kalhyggesbruk och intensivt jordbruk med giftbek\u00e4mpning. Havsomr\u00e5den uts\u00e4tts f\u00f6r \u00f6verfiske. Denna hantering leder till Tyst v\u00e5r och Tyst hav.<\/p>\n\n\n\n<p>Korallreven ger mat \u00e5t en halv miljard m\u00e4nniskor per dag. M\u00e4nniskan \u00e4r helt beroende av  den biologiska m\u00e5ngfalden och naturens ekosystemtj\u00e4nster.<\/p>\n\n\n\n<p>F\u00e5r naturen en chans s\u00e5 kan den \u00e5terh\u00e4mta sig fr\u00e5n p\u00e5verkan. Goda exempel \u00e4r att havs\u00f6rnen \u00f6kar och vissa arter av valar \u00f6kar. Antalet leklaxar \u00f6kar i \u00c4tran. Resurser beh\u00f6vs f\u00f6r att genomf\u00f6ra m\u00e5len. M\u00e5len beh\u00f6ver \u00e4ven f\u00f6ljas upp f\u00f6r att visa att vi \u00e4r p\u00e5 r\u00e4tt v\u00e4g. F\u00f6rra storm\u00f6tet f\u00f6r biologisk m\u00e5ngfald COP 10 h\u00f6lls i Nagoya Japan 2010. Till \u00e5r 2020 var delm\u00e5let att 17% av v\u00e5ra land och vattenomr\u00e5den skulle vara skyddade fr\u00e5n exploatering.  L\u00e4s regeringens rapport <a href=\"https:\/\/www.regeringen.se\/contentassets\/b411cb4cdec244d4be33ff6da4619485\/fn-mote-om-biologisk-mangfald-cbd-cop10\">h\u00e4r.<\/a><\/p>\n\n\n\n<p>Biologisk m\u00e5ngfald \u00e4r en av v\u00e5ra viktigaste fr\u00e5gor f\u00f6r v\u00e5r egen \u00f6verlevnad i en alltmer \u00f6verexploaterad natur. D\u00e4rf\u00f6r beh\u00f6ver livsmilj\u00f6er skyddas f\u00f6r att trygga v\u00e5r framtida f\u00f6rs\u00f6rjning fr\u00e5n naturens ekosystemtj\u00e4nster.<\/p>\n\n\n\n<p>L\u00e4s mer<a href=\"https:\/\/www.msn.com\/sv-se\/nyheter\/watch\/%e2%80%9dm%c3%a5ste-halvera-v%c3%a5rt-fotavtryck%e2%80%9d-%e2%80%93-en-miljon-arter-riskerar-att-d%c3%b6-ut\/vp-AAPmdWG\"> h\u00e4r.<\/a><\/p>\n\n\n\n<p><strong>Regeringskansliet:<\/strong> Milj\u00f6departementet skriver i ett pressmeddelande att klimat och milj\u00f6ministern deltar p\u00e5 m\u00f6tet och kommer driva att Sverige vill ha skydd f\u00f6r 30 procent av jordens land och hav. L\u00e4s vad regeringen skriver <a href=\"https:\/\/www.regeringen.se\/pressmeddelanden\/2021\/10\/den-biologiska-mangfalden-behover-ett-okat-skydd-globalt\/\">h\u00e4r.<\/a><\/p>\n\n\n\n<p><strong>SCB<\/strong> skriver 2019 att endast 15% av Sveriges land- och sj\u00f6vattenarealer \u00e4r formellt skyddade. L\u00e4s mer <a href=\"https:\/\/www.scb.se\/hitta-statistik\/statistik-efter-amne\/miljo\/markanvandning\/skyddad-natur\/pong\/statistiknyhet\/skyddad-natur-2018\/\">h\u00e4r.<\/a><\/p>\n\n\n\n<p>Sverige har s\u00e4mre skydd f\u00f6r biologisk m\u00e5ngfald \u00e4n m\u00e5nga utvecklingsl\u00e4nder och har m\u00e5nga viktiga beslut och \u00e5tg\u00e4rder att genomf\u00f6ra f\u00f6r den biologiska m\u00e5ngfalden.<\/p>\n\n\n\n<figure class=\"wp-block-image size-large\"><a href=\"https:\/\/ingemar.alenas.se\/wp-content\/uploads\/2020\/12\/5-P1830591.jpg\"><img loading=\"lazy\" decoding=\"async\" width=\"1024\" height=\"560\" src=\"https:\/\/ingemar.alenas.se\/wp-content\/uploads\/2020\/12\/5-P1830591-1024x560.jpg\" alt=\"\" class=\"wp-image-10340\" srcset=\"https:\/\/ingemar.alenas.se\/wp-content\/uploads\/2020\/12\/5-P1830591-1024x560.jpg 1024w, https:\/\/ingemar.alenas.se\/wp-content\/uploads\/2020\/12\/5-P1830591-300x164.jpg 300w, https:\/\/ingemar.alenas.se\/wp-content\/uploads\/2020\/12\/5-P1830591-768x420.jpg 768w, https:\/\/ingemar.alenas.se\/wp-content\/uploads\/2020\/12\/5-P1830591.jpg 1400w\" sizes=\"auto, (max-width: 1024px) 100vw, 1024px\" \/><\/a><\/figure>\n\n\n\n<p> <\/p>\n","protected":false},"excerpt":{"rendered":"<p>2021-10-11 I dag samlas 200 l\u00e4nder som skrivit under FN konventionen om biologisk m\u00e5ngfald i storm\u00f6te. M\u00f6tet kallas COP 15 och h\u00e5lls i Kina i Konming. Det sj\u00e4tte massutd\u00f6endet p\u00e5g\u00e5r och inneb\u00e4r kris f\u00f6r arterna inklusive m\u00e4nniskan. En miljon arter \u00e4r p\u00e5 v\u00e4g att d\u00f6 ut och 150 arter riskerar att d\u00f6 ut per dag. &hellip; <a href=\"https:\/\/ingemar.alenas.se\/?p=11058\" class=\"more-link\">Forts\u00e4tt l\u00e4sa <span class=\"screen-reader-text\">storm\u00f6te f\u00f6r biologisk m\u00e5ngfald<\/span> <span class=\"meta-nav\">&rarr;<\/span><\/a><\/p>\n","protected":false},"author":1,"featured_media":6890,"comment_status":"closed","ping_status":"closed","sticky":false,"template":"","format":"standard","meta":{"ngg_post_thumbnail":0,"footnotes":""},"categories":[2],"tags":[],"class_list":["post-11058","post","type-post","status-publish","format-standard","has-post-thumbnail","hentry","category-naturnytt"],"_links":{"self":[{"href":"https:\/\/ingemar.alenas.se\/index.php?rest_route=\/wp\/v2\/posts\/11058","targetHints":{"allow":["GET"]}}],"collection":[{"href":"https:\/\/ingemar.alenas.se\/index.php?rest_route=\/wp\/v2\/posts"}],"about":[{"href":"https:\/\/ingemar.alenas.se\/index.php?rest_route=\/wp\/v2\/types\/post"}],"author":[{"embeddable":true,"href":"https:\/\/ingemar.alenas.se\/index.php?rest_route=\/wp\/v2\/users\/1"}],"replies":[{"embeddable":true,"href":"https:\/\/ingemar.alenas.se\/index.php?rest_route=%2Fwp%2Fv2%2Fcomments&post=11058"}],"version-history":[{"count":12,"href":"https:\/\/ingemar.alenas.se\/index.php?rest_route=\/wp\/v2\/posts\/11058\/revisions"}],"predecessor-version":[{"id":11099,"href":"https:\/\/ingemar.alenas.se\/index.php?rest_route=\/wp\/v2\/posts\/11058\/revisions\/11099"}],"wp:featuredmedia":[{"embeddable":true,"href":"https:\/\/ingemar.alenas.se\/index.php?rest_route=\/wp\/v2\/media\/6890"}],"wp:attachment":[{"href":"https:\/\/ingemar.alenas.se\/index.php?rest_route=%2Fwp%2Fv2%2Fmedia&parent=11058"}],"wp:term":[{"taxonomy":"category","embeddable":true,"href":"https:\/\/ingemar.alenas.se\/index.php?rest_route=%2Fwp%2Fv2%2Fcategories&post=11058"},{"taxonomy":"post_tag","embeddable":true,"href":"https:\/\/ingemar.alenas.se\/index.php?rest_route=%2Fwp%2Fv2%2Ftags&post=11058"}],"curies":[{"name":"wp","href":"https:\/\/api.w.org\/{rel}","templated":true}]}}