{"id":10938,"date":"2021-08-02T08:49:21","date_gmt":"2021-08-02T08:49:21","guid":{"rendered":"https:\/\/ingemar.alenas.se\/?p=10938"},"modified":"2021-08-02T10:50:18","modified_gmt":"2021-08-02T10:50:18","slug":"var-radd-om-laxen","status":"publish","type":"post","link":"https:\/\/ingemar.alenas.se\/?p=10938","title":{"rendered":"Var r\u00e4dd om laxen"},"content":{"rendered":"\n<h2 class=\"wp-block-heading\">2021-08-02 \u00c4tranlaxen \u00e4r en viktig resurs som vi f\u00e5tt att f\u00f6rvalta till kommande generationer. Antal laxar som vandrar upp i \u00c4tran f\u00f6r att leka har n\u00e4stan f\u00f6rdubblats sedan det blev fria vandringsv\u00e4gar vid Herting.<\/h2>\n\n\n\n<p>Destinationsbolaget har hand om Falkenbergs laxfiske och \u00c4trans Sportfiskef\u00f6rening st\u00e5r delvis f\u00f6r tillsynen. <\/p>\n\n\n\n<p>I dagens Hallands Nyheter kan man l\u00e4sa om att det varit h\u00f6ga temperaturer i \u00c4tran vilket p\u00e5verkar laxens \u00f6verlevnad. L\u00e4s mer <a href=\"https:\/\/www.hn.se\/nyheter\/falkenberg\/catch-and-release-till%C3%A5ts-i-%C3%A4tran-trots-det-varma-vattnet-1.52077943\">h\u00e4r.<\/a> Ett &#8221;problem&#8221; med detta \u00e4r hur fiskaren skall g\u00e5 tillv\u00e4ga om man sl\u00e4pper tillbaka f\u00e5ngad lax. Projektledaren Johan Bengtsson p\u00e5 Destinationsbolaget och ordf\u00f6randen i Falkenbergs Sportfiskef\u00f6rening g\u00f6r b\u00e5da ett fint jobb f\u00f6r \u00c4tranlaxen och b\u00e5da menar att vi skall vara r\u00e4dda om laxen och hantera den med respekt. Johan menar att det mer \u00e4r upp till den enskilda sportfiskaren medan Morgan menar att det skulle kunna vara ett f\u00f6rbud f\u00f6r &#8221;Catch and release&#8221; vid h\u00f6ga vattentemperaturer. Under 2021 kan man se av f\u00e5ngstrapporterna att &#8221;problemet&#8221; totalt g\u00e4ller fyra (4) laxar. M\u00e5h\u00e4nda att det g\u00e4ller n\u00e5gra fler som inte rapporterats. Bra rekommendationer f\u00f6r \u00e5teruts\u00e4ttning finns p\u00e5 Falkenbergs laxfiskes hemsida, l\u00e4s dem <a href=\"http:\/\/www.falkenbergslaxfiske.se\/fisket\/aterutsattning.html\">h\u00e4r<\/a>.<\/p>\n\n\n\n<p>Sommaren 2021 har varit varm vilket ocks\u00e5 gett h\u00f6ga vattentemperaturer i \u00c4tran. Temperaturen i vattnet \u00f6kar ytterligare n\u00e4r det framrinner lite vatten p\u00e5 grund av att kraftbolaget korttidsreglerar vid \u00c4trafors. L\u00e4nsstyrelsen skriver i sin bevarandeplan 2013: <em>Efter utbyggnaden i \u00c4trafors 1918 har den totala produktionen av laxsmolt (icke k\u00f6nsmogen ung lax som migrerar till havet) i \u00c4trans huvudf\u00e5ra minskat kraftigt fr\u00e5n ca 70 000 laxsmolt\/\u00e5r innan utbyggnaden till uppskattningsvis 9000 laxsmolt\/\u00e5r efter utbyggnaden (Sj\u00f6strand 1998).<\/em> Sj\u00f6strand anger ocks\u00e5 att det \u00e5rligen d\u00f6r 34 500 laxsmolt enbart p.g.a. korttidsregleringen.<\/p>\n\n\n\n<p>Kommunstyrelsens arbetsutskott i Falkenberg beslutade 2015-12-08 att man mot en ers\u00e4ttning av en miljon kronor fr\u00e5n L\u00e4nsstyrelsen, skulle genomf\u00f6ra fria fiskv\u00e4gar f\u00f6r laxen vid Stock\u00e5n i Okome. L\u00e4s beslutet <a href=\"https:\/\/ingemar.alenas.se\/wp-content\/uploads\/2018\/10\/Stock%C3%A5n-beslut-KS-2015-381.pdf\">h\u00e4r<\/a>. Detta ber\u00e4knas ge ett \u00e5rligt tillskott av ca 6000 laxsmolt till \u00c4tran. Laxen v\u00e4ntar fortfarande p\u00e5 \u00e5tg\u00e4rden.<\/p>\n\n\n\n<p>Vi f\u00f6rv\u00e4ntar oss nu att de som har ansvaret f\u00f6r \u00c4tranlaxens f\u00f6rvaltning inte &#8221;silar mygg och sv\u00e4ljer kameler&#8221; utan samverkar f\u00f6r att f\u00f6rb\u00e4ttra laxens situation i \u00c4tran. D\u00e5 \u00e4r ytterligare en f\u00f6rdubbling av \u00c4trans laxbest\u00e5nd ett realistiskt m\u00e5l.<\/p>\n","protected":false},"excerpt":{"rendered":"<p>2021-08-02 \u00c4tranlaxen \u00e4r en viktig resurs som vi f\u00e5tt att f\u00f6rvalta till kommande generationer. Antal laxar som vandrar upp i \u00c4tran f\u00f6r att leka har n\u00e4stan f\u00f6rdubblats sedan det blev fria vandringsv\u00e4gar vid Herting. Destinationsbolaget har hand om Falkenbergs laxfiske och \u00c4trans Sportfiskef\u00f6rening st\u00e5r delvis f\u00f6r tillsynen. I dagens Hallands Nyheter kan man l\u00e4sa om &hellip; <a href=\"https:\/\/ingemar.alenas.se\/?p=10938\" class=\"more-link\">Forts\u00e4tt l\u00e4sa <span class=\"screen-reader-text\">Var r\u00e4dd om laxen<\/span> <span class=\"meta-nav\">&rarr;<\/span><\/a><\/p>\n","protected":false},"author":1,"featured_media":10616,"comment_status":"closed","ping_status":"closed","sticky":false,"template":"","format":"standard","meta":{"ngg_post_thumbnail":0,"footnotes":""},"categories":[2,3],"tags":[],"class_list":["post-10938","post","type-post","status-publish","format-standard","has-post-thumbnail","hentry","category-naturnytt","category-vattenblank"],"_links":{"self":[{"href":"https:\/\/ingemar.alenas.se\/index.php?rest_route=\/wp\/v2\/posts\/10938","targetHints":{"allow":["GET"]}}],"collection":[{"href":"https:\/\/ingemar.alenas.se\/index.php?rest_route=\/wp\/v2\/posts"}],"about":[{"href":"https:\/\/ingemar.alenas.se\/index.php?rest_route=\/wp\/v2\/types\/post"}],"author":[{"embeddable":true,"href":"https:\/\/ingemar.alenas.se\/index.php?rest_route=\/wp\/v2\/users\/1"}],"replies":[{"embeddable":true,"href":"https:\/\/ingemar.alenas.se\/index.php?rest_route=%2Fwp%2Fv2%2Fcomments&post=10938"}],"version-history":[{"count":6,"href":"https:\/\/ingemar.alenas.se\/index.php?rest_route=\/wp\/v2\/posts\/10938\/revisions"}],"predecessor-version":[{"id":10945,"href":"https:\/\/ingemar.alenas.se\/index.php?rest_route=\/wp\/v2\/posts\/10938\/revisions\/10945"}],"wp:featuredmedia":[{"embeddable":true,"href":"https:\/\/ingemar.alenas.se\/index.php?rest_route=\/wp\/v2\/media\/10616"}],"wp:attachment":[{"href":"https:\/\/ingemar.alenas.se\/index.php?rest_route=%2Fwp%2Fv2%2Fmedia&parent=10938"}],"wp:term":[{"taxonomy":"category","embeddable":true,"href":"https:\/\/ingemar.alenas.se\/index.php?rest_route=%2Fwp%2Fv2%2Fcategories&post=10938"},{"taxonomy":"post_tag","embeddable":true,"href":"https:\/\/ingemar.alenas.se\/index.php?rest_route=%2Fwp%2Fv2%2Ftags&post=10938"}],"curies":[{"name":"wp","href":"https:\/\/api.w.org\/{rel}","templated":true}]}}