{"id":10912,"date":"2021-07-30T15:09:14","date_gmt":"2021-07-30T15:09:14","guid":{"rendered":"https:\/\/ingemar.alenas.se\/?p=10912"},"modified":"2021-07-30T17:18:38","modified_gmt":"2021-07-30T17:18:38","slug":"invasiva-arter-hotar-den-biologiska-mangfalden","status":"publish","type":"post","link":"https:\/\/ingemar.alenas.se\/?p=10912","title":{"rendered":"invasiva arter hotar den biologiska m\u00e5ngfalden?"},"content":{"rendered":"\n<h2 class=\"wp-block-heading\">2021-07-30 Rapporter om fr\u00e4mmande, invasiva arter blir alltmer vanliga. Vad \u00e4r d\u00e5 en invasiv art?<\/h2>\n\n\n\n<p>En invasiv art, \u00e4r en art som introducerats till omr\u00e5den utanf\u00f6r sitt ursprungliga utbredningomr\u00e5de, d\u00e4r den riskerar att p\u00e5verka hela ekosystemet.<\/p>\n\n\n\n<p>EU har d\u00e4rf\u00f6r gjort en l\u00e5ng lista \u00f6ver &#8221;f\u00f6rbjudna&#8221; arter  som inneb\u00e4r att det \u00e4r f\u00f6rbjudet att byta, odla, f\u00f6da upp, transportera och anv\u00e4nda dem inom EU enligt EU-f\u00f6rordning 1143\/2014.<\/p>\n\n\n\n<p>Puckellax, ullhandskrabba, bl\u00e5skrabba och sm\u00e5prickig penselkrabba \u00e4r arter som Havs- och vattenmyndigheten ser som potentiellt invasiva och det rapporteras nu om dessa arter p\u00e5 v\u00e4stkusten och i \u00c4tran. I skrivande stund har 25 puckellaxar hittills i \u00e5r registrerats i fiskr\u00e4knaren vid Herting.<\/p>\n\n\n\n<p>Hallands Nyheter skriver i dag p\u00e5 ledarplats at<em><strong>t &#8221;Det inneb\u00e4r att de utg\u00f6r ett hot mot den biologiska m\u00e5ngfalden och det ekosystem som de hamnat i&#8221;. <\/strong><\/em>D\u00e4r har ledaren en viktig po\u00e4ng. Dagens ekosystem \u00e4r utarmade av intensivt fiske, jord- och skogsbruk vilket inneb\u00e4r att systemet mist sin naturliga motst\u00e5ndskraft (resiliens) mot f\u00f6r\u00e4ndringar och invasiva arter.<\/p>\n\n\n\n<p>Krabborna kan l\u00e4tt massf\u00f6r\u00f6ka sig p\u00e5 grund av att deras naturliga fiende torsken \u00e4r \u00f6verfiskad. 35 000 \u00e4tranlaxar d\u00f6r \u00e5rligen p\u00e5 grund av kraftbolagens korttidsreglering, vilket banar v\u00e4gen f\u00f6r den invasiva puckellaxen.<\/p>\n\n\n\n<p>Ledaren i Hallands Nyheter konstaterar: <strong><em>&#8221;Artd\u00f6d och minskande biologisk m\u00e5ngfald ber\u00e4knas i dag utg\u00f6ra ett lika stort hot som den globala uppv\u00e4rmningen&#8221;.<\/em><\/strong> Det \u00e4r ett k\u00e4nt faktum att m\u00e4nniskan lever av och \u00e4r beroende av naturens biologiska m\u00e5ngfald och ekosystemtj\u00e4nster.<\/p>\n\n\n\n<p>Nycklen till v\u00e5r v\u00e4lf\u00e4rd \u00e4r d\u00e4rf\u00f6r ett h\u00e5llbart fiske, jord och skogsbruk som tar h\u00e4nsyn till den biologiska m\u00e5ngfalden och inte utarmar ekosystemen, som d\u00e5 blir mer k\u00e4nsliga f\u00f6r b\u00e5de klimatf\u00f6r\u00e4ndringar och invasiva arter. <\/p>\n\n\n\n<p>PS Puckellaxen p\u00e5 bilden \u00e4r fr\u00e5n H\u00f6gvads\u00e5n DS<\/p>\n","protected":false},"excerpt":{"rendered":"<p>2021-07-30 Rapporter om fr\u00e4mmande, invasiva arter blir alltmer vanliga. Vad \u00e4r d\u00e5 en invasiv art? En invasiv art, \u00e4r en art som introducerats till omr\u00e5den utanf\u00f6r sitt ursprungliga utbredningomr\u00e5de, d\u00e4r den riskerar att p\u00e5verka hela ekosystemet. EU har d\u00e4rf\u00f6r gjort en l\u00e5ng lista \u00f6ver &#8221;f\u00f6rbjudna&#8221; arter som inneb\u00e4r att det \u00e4r f\u00f6rbjudet att byta, odla, &hellip; <a href=\"https:\/\/ingemar.alenas.se\/?p=10912\" class=\"more-link\">Forts\u00e4tt l\u00e4sa <span class=\"screen-reader-text\">invasiva arter hotar den biologiska m\u00e5ngfalden?<\/span> <span class=\"meta-nav\">&rarr;<\/span><\/a><\/p>\n","protected":false},"author":1,"featured_media":4408,"comment_status":"closed","ping_status":"closed","sticky":false,"template":"","format":"standard","meta":{"ngg_post_thumbnail":0,"footnotes":""},"categories":[2,3],"tags":[],"class_list":["post-10912","post","type-post","status-publish","format-standard","has-post-thumbnail","hentry","category-naturnytt","category-vattenblank"],"_links":{"self":[{"href":"https:\/\/ingemar.alenas.se\/index.php?rest_route=\/wp\/v2\/posts\/10912","targetHints":{"allow":["GET"]}}],"collection":[{"href":"https:\/\/ingemar.alenas.se\/index.php?rest_route=\/wp\/v2\/posts"}],"about":[{"href":"https:\/\/ingemar.alenas.se\/index.php?rest_route=\/wp\/v2\/types\/post"}],"author":[{"embeddable":true,"href":"https:\/\/ingemar.alenas.se\/index.php?rest_route=\/wp\/v2\/users\/1"}],"replies":[{"embeddable":true,"href":"https:\/\/ingemar.alenas.se\/index.php?rest_route=%2Fwp%2Fv2%2Fcomments&post=10912"}],"version-history":[{"count":9,"href":"https:\/\/ingemar.alenas.se\/index.php?rest_route=\/wp\/v2\/posts\/10912\/revisions"}],"predecessor-version":[{"id":10923,"href":"https:\/\/ingemar.alenas.se\/index.php?rest_route=\/wp\/v2\/posts\/10912\/revisions\/10923"}],"wp:featuredmedia":[{"embeddable":true,"href":"https:\/\/ingemar.alenas.se\/index.php?rest_route=\/wp\/v2\/media\/4408"}],"wp:attachment":[{"href":"https:\/\/ingemar.alenas.se\/index.php?rest_route=%2Fwp%2Fv2%2Fmedia&parent=10912"}],"wp:term":[{"taxonomy":"category","embeddable":true,"href":"https:\/\/ingemar.alenas.se\/index.php?rest_route=%2Fwp%2Fv2%2Fcategories&post=10912"},{"taxonomy":"post_tag","embeddable":true,"href":"https:\/\/ingemar.alenas.se\/index.php?rest_route=%2Fwp%2Fv2%2Ftags&post=10912"}],"curies":[{"name":"wp","href":"https:\/\/api.w.org\/{rel}","templated":true}]}}