{"id":10881,"date":"2021-07-27T13:35:25","date_gmt":"2021-07-27T13:35:25","guid":{"rendered":"https:\/\/ingemar.alenas.se\/?p=10881"},"modified":"2021-07-28T08:30:52","modified_gmt":"2021-07-28T08:30:52","slug":"puckellaxen-vandrar-i-atran-trots-onaturligt-lagvatten","status":"publish","type":"post","link":"https:\/\/ingemar.alenas.se\/?p=10881","title":{"rendered":"Puckellaxen vandrar i \u00c4tran trots onaturligt l\u00e5gvatten"},"content":{"rendered":"\n<h2 class=\"wp-block-heading\">2021-07-27 Fiskr\u00e4knaren vid Herting i \u00c4tran har nu hittills registrerat 23 puckellaxar, 40 \u00f6ringar och 1560 uppvandrande laxar.<\/h2>\n\n\n\n<p>Naturnytt har tidigare skrivit om vikten att registrera och ta upp alla puckellaxar som f\u00e5ngas av sportfiskare. Det \u00e4r dessutom viktigt att ta fj\u00e4llprov och s\u00e4nda in till myndigheter f\u00f6r att f\u00e5 viktig information om hur \u00e5tg\u00e4rder b\u00e4st skall vidtas mot denna invasiva art.<\/p>\n\n\n\n<p>Uniper h\u00e5ller nu inte sin frivilliga \u00f6verenskommelse om att sl\u00e4ppa minst 11 kbm\/s i \u00c4tran vid \u00c4trafors. Unipers egen hemsida anger i skrivande stund att de sl\u00e4pper 10 kbm\/s vid kraftverket i \u00c4trafors.<\/p>\n\n\n\n<p>Det inneb\u00e4r f\u00f6r n\u00e4rvarande en \u00f6kad stress och d\u00f6dlighet hos \u00e4tranlaxens yngel och lekfisk, d\u00e5 l\u00e5gt fl\u00f6de ger \u00f6kad vattentemperatur och \u00f6kad predation samt minskat livsutrymme.<\/p>\n\n\n\n<p>SMHI anger p\u00e5 sin hemsida att det naturliga hydrologiska nul\u00e4get uppstr\u00f6ms \u00c4trafors vid M\u00e5rdaklev \u00f6verstiger 12 kbm\/s. Det beror s\u00e5ledes inte p\u00e5 tillrinningen att Uniper inte h\u00e5ller det avtalade fl\u00f6det. Orsaken kommer inte heller att belysas d\u00e5 L\u00e4nsstyrelsen i Halland prioriterat ned tillsynen i v\u00e4ntan p\u00e5 kommande ompr\u00f6vning.<\/p>\n\n\n\n<p>SMHI anger vidare att det naturliga, oreglerade fl\u00f6det hade varit mellan 14-15 kbm\/s p\u00e5 laxens lekplatser i Vessigebro. L\u00e4get f\u00f6r \u00e4tranlaxen och det forsande vattnets ekosystem hade d\u00e5 varit betydligt gynnsammare.<\/p>\n\n\n\n<p>Kommande ompr\u00f6vning skall ske enligt modern milj\u00f6lagstiftning och d\u00e5 finns m\u00f6jlighet att ta b\u00e4ttre h\u00e4nsyn till laxens \u00f6verlevnad och \u00e5lens fria vandring i \u00c4trans vattensystem.<\/p>\n\n\n\n<p>PS Uniper har under dagen uppgraderat fl\u00f6det vid \u00c4trafors. Fr\u00e5n i kv\u00e4ll till i morron \u00f6kar man det planerade fl\u00f6det fr\u00e5n 13 till 21 kbm\/s. Vattenfall anger samtidigt att timpriset p\u00e5 nordiska elb\u00f6rsen f\u00f6r s\u00f6dra Sverige \u00f6kar fr\u00e5n 49,31 \u00f6re per kWh till 103,14 \u00f6re per kWh. DS<\/p>\n\n\n\n<p>PS 2021-07-27 var enligt Unipers hemsida det aktuella fl\u00f6det 10 kbm\/s vid \u00c4trafors och man kunde pga l\u00e5g tillrinning inte h\u00e5lla det avtalade fl\u00f6det p\u00e5 11 kbm\/s. 2021-07-28 kl 09:30 \u00e4r enligt Unipers hemsida det aktuella fl\u00f6det vid \u00c4trafors 24 kbm\/s. Spotpriset p\u00e5 nordiska elb\u00f6rsen \u00f6kade fr\u00e5n midnatt 28\/7 till kl 08:00 fr\u00e5n 47,98 kr till 113,75 kr\/kWh. DS<\/p>\n\n\n\n<figure class=\"wp-block-image size-large\"><a href=\"https:\/\/ingemar.alenas.se\/wp-content\/uploads\/2021\/07\/Hydrologiskt-nulage-Atran-Norrstrommen-2021-07-21.jpg\"><img loading=\"lazy\" decoding=\"async\" width=\"819\" height=\"491\" src=\"https:\/\/ingemar.alenas.se\/wp-content\/uploads\/2021\/07\/Hydrologiskt-nulage-Atran-Norrstrommen-2021-07-21.jpg\" alt=\"\" class=\"wp-image-10884\" srcset=\"https:\/\/ingemar.alenas.se\/wp-content\/uploads\/2021\/07\/Hydrologiskt-nulage-Atran-Norrstrommen-2021-07-21.jpg 819w, https:\/\/ingemar.alenas.se\/wp-content\/uploads\/2021\/07\/Hydrologiskt-nulage-Atran-Norrstrommen-2021-07-21-300x180.jpg 300w, https:\/\/ingemar.alenas.se\/wp-content\/uploads\/2021\/07\/Hydrologiskt-nulage-Atran-Norrstrommen-2021-07-21-768x460.jpg 768w\" sizes=\"auto, (max-width: 819px) 100vw, 819px\" \/><\/a><\/figure>\n\n\n\n<figure class=\"wp-block-image size-large\"><a href=\"https:\/\/ingemar.alenas.se\/wp-content\/uploads\/2021\/07\/Hydrologiskt-nulage-Atran-Vessigebro-2021-07-26.jpg\"><img loading=\"lazy\" decoding=\"async\" width=\"532\" height=\"729\" src=\"https:\/\/ingemar.alenas.se\/wp-content\/uploads\/2021\/07\/Hydrologiskt-nulage-Atran-Vessigebro-2021-07-26.jpg\" alt=\"\" class=\"wp-image-10885\" srcset=\"https:\/\/ingemar.alenas.se\/wp-content\/uploads\/2021\/07\/Hydrologiskt-nulage-Atran-Vessigebro-2021-07-26.jpg 532w, https:\/\/ingemar.alenas.se\/wp-content\/uploads\/2021\/07\/Hydrologiskt-nulage-Atran-Vessigebro-2021-07-26-219x300.jpg 219w\" sizes=\"auto, (max-width: 532px) 100vw, 532px\" \/><\/a><\/figure>\n","protected":false},"excerpt":{"rendered":"<p>2021-07-27 Fiskr\u00e4knaren vid Herting i \u00c4tran har nu hittills registrerat 23 puckellaxar, 40 \u00f6ringar och 1560 uppvandrande laxar. Naturnytt har tidigare skrivit om vikten att registrera och ta upp alla puckellaxar som f\u00e5ngas av sportfiskare. Det \u00e4r dessutom viktigt att ta fj\u00e4llprov och s\u00e4nda in till myndigheter f\u00f6r att f\u00e5 viktig information om hur \u00e5tg\u00e4rder &hellip; <a href=\"https:\/\/ingemar.alenas.se\/?p=10881\" class=\"more-link\">Forts\u00e4tt l\u00e4sa <span class=\"screen-reader-text\">Puckellaxen vandrar i \u00c4tran trots onaturligt l\u00e5gvatten<\/span> <span class=\"meta-nav\">&rarr;<\/span><\/a><\/p>\n","protected":false},"author":1,"featured_media":3244,"comment_status":"closed","ping_status":"closed","sticky":false,"template":"","format":"standard","meta":{"ngg_post_thumbnail":0,"footnotes":""},"categories":[2,3],"tags":[],"class_list":["post-10881","post","type-post","status-publish","format-standard","has-post-thumbnail","hentry","category-naturnytt","category-vattenblank"],"_links":{"self":[{"href":"https:\/\/ingemar.alenas.se\/index.php?rest_route=\/wp\/v2\/posts\/10881","targetHints":{"allow":["GET"]}}],"collection":[{"href":"https:\/\/ingemar.alenas.se\/index.php?rest_route=\/wp\/v2\/posts"}],"about":[{"href":"https:\/\/ingemar.alenas.se\/index.php?rest_route=\/wp\/v2\/types\/post"}],"author":[{"embeddable":true,"href":"https:\/\/ingemar.alenas.se\/index.php?rest_route=\/wp\/v2\/users\/1"}],"replies":[{"embeddable":true,"href":"https:\/\/ingemar.alenas.se\/index.php?rest_route=%2Fwp%2Fv2%2Fcomments&post=10881"}],"version-history":[{"count":9,"href":"https:\/\/ingemar.alenas.se\/index.php?rest_route=\/wp\/v2\/posts\/10881\/revisions"}],"predecessor-version":[{"id":10896,"href":"https:\/\/ingemar.alenas.se\/index.php?rest_route=\/wp\/v2\/posts\/10881\/revisions\/10896"}],"wp:featuredmedia":[{"embeddable":true,"href":"https:\/\/ingemar.alenas.se\/index.php?rest_route=\/wp\/v2\/media\/3244"}],"wp:attachment":[{"href":"https:\/\/ingemar.alenas.se\/index.php?rest_route=%2Fwp%2Fv2%2Fmedia&parent=10881"}],"wp:term":[{"taxonomy":"category","embeddable":true,"href":"https:\/\/ingemar.alenas.se\/index.php?rest_route=%2Fwp%2Fv2%2Fcategories&post=10881"},{"taxonomy":"post_tag","embeddable":true,"href":"https:\/\/ingemar.alenas.se\/index.php?rest_route=%2Fwp%2Fv2%2Ftags&post=10881"}],"curies":[{"name":"wp","href":"https:\/\/api.w.org\/{rel}","templated":true}]}}