{"id":10876,"date":"2021-07-23T21:08:03","date_gmt":"2021-07-23T21:08:03","guid":{"rendered":"https:\/\/ingemar.alenas.se\/?p=10876"},"modified":"2021-07-23T21:13:04","modified_gmt":"2021-07-23T21:13:04","slug":"torrlaggning-av-atran-2","status":"publish","type":"post","link":"https:\/\/ingemar.alenas.se\/?p=10876","title":{"rendered":"Torrl\u00e4ggning av \u00c4tran"},"content":{"rendered":"\n<h2 class=\"wp-block-heading\">2021-07-23 \u00c4trans N2000 omr\u00e5de vid \u00c4trafors \u00e4r avsatt f\u00f6r fiskar som lax, \u00e5l och havsnejon\u00f6ga. Numera \u00e4r \u00e5f\u00e5ran oftast torrlagd och allt vatten k\u00f6rs till kraftverket i \u00c4trafors.<\/h2>\n\n\n\n<p>L\u00e4nsstyrelsen i Halland skriver 2013-11-26 i sin bevarandeplan f\u00f6r \u00c4tran: <em><strong>&#8221;Efter utbyggnaden i \u00c4trafors 1918 har den totala produktionen av laxsmolt  i \u00c4trans huvudf\u00e5ra minskat kraftigt fr\u00e5n ca 70 000 laxsmolt\/\u00e5r innan utbyggnaden till uppskattningsvis 9000 laxsmolt\/\u00e5r efter utbyggnaden (Sj\u00f6strand 1998). Efter 1998 har en frivillig \u00f6verenskommelse om \u00f6kad minimitappning p\u00e5 11 m3\/s inf\u00f6rts j\u00e4mf\u00f6rt med 7 m3\/s som vattendomen medger, samt en minskad reglering vilket f\u00f6rb\u00e4ttrat situationen&#8221;.<\/strong><\/em><\/p>\n\n\n\n<p>Dagsl\u00e4get i \u00c4tran \u00e4r att fl\u00f6det \u00e4r ganska l\u00e5gt. Uniper anger p\u00e5 sin hemsida att dygnsmedelv\u00e4rdet vid Yngeredsfors uppstr\u00f6ms \u00c4trafors de senaste dagarna varierat mellan 16 och 11 kbm\/s.<\/p>\n\n\n\n<figure class=\"wp-block-image size-large\"><a href=\"https:\/\/ingemar.alenas.se\/wp-content\/uploads\/2021\/07\/Flodesprognos-Atrafors-2021-07-24.jpg\"><img loading=\"lazy\" decoding=\"async\" width=\"1024\" height=\"669\" src=\"https:\/\/ingemar.alenas.se\/wp-content\/uploads\/2021\/07\/Flodesprognos-Atrafors-2021-07-24-1024x669.jpg\" alt=\"\" class=\"wp-image-10877\" srcset=\"https:\/\/ingemar.alenas.se\/wp-content\/uploads\/2021\/07\/Flodesprognos-Atrafors-2021-07-24-1024x669.jpg 1024w, https:\/\/ingemar.alenas.se\/wp-content\/uploads\/2021\/07\/Flodesprognos-Atrafors-2021-07-24-300x196.jpg 300w, https:\/\/ingemar.alenas.se\/wp-content\/uploads\/2021\/07\/Flodesprognos-Atrafors-2021-07-24-768x502.jpg 768w, https:\/\/ingemar.alenas.se\/wp-content\/uploads\/2021\/07\/Flodesprognos-Atrafors-2021-07-24.jpg 1372w\" sizes=\"auto, (max-width: 1024px) 100vw, 1024px\" \/><\/a><figcaption>Unipers prognos att sl\u00e4ppa ca 9 kbm\/s vid \u00c4trafors trots att tillrinningen uppstr\u00f6ms nyligen varit 19-11 kbm\/s.<\/figcaption><\/figure>\n\n\n\n<p>Det \u00e4r f\u00f6rv\u00e5nande att Uniper nu prognosticerar att fr\u00e5ng\u00e5 den frivilliga \u00f6verenskommelsen om att sl\u00e4ppa 11 kbm\/s i \u00c4tran redan innan tillrinningen uppstr\u00f6ms p\u00e5 dygnsbasis understiger detta v\u00e4rde. Samt att N2000 omr\u00e5det har haft en l\u00e4ngre torrl\u00e4ggningsperiod.<\/p>\n\n\n\n<p>\u00c4tran \u00e4r Sveriges viktigaste vatten f\u00f6r naturlig produktion av Atlantlax. Str\u00e4ckan fr\u00e5n havet till \u00c4trafors skall ompr\u00f6vas enligt moderna vattendomar senast 2024. Behovet av ompr\u00f6vning \u00e4r stort d\u00e5 Fiskeriverket ber\u00e4knat att korttidsregleringen \u00e5rligen reducerar \u00c4trans laxproduktion med 34 500 smolt! Kruxet \u00e4r att \u00e4ven om denna laxproducerande str\u00e4cka skall ompr\u00f6vas 2024 s\u00e5 skall ompr\u00f6vningen av \u00c4trafors kraftverk inte vara inl\u00e4mnad f\u00f6rr\u00e4n senast 2027! Havs och vattenmyndigheten har ber\u00e4knat att ompr\u00f6vningsprocesserna kan p\u00e5g\u00e5 ytterligare under en 20-\u00e5rsperiod! L\u00e4nsstyrelsen i Halland har deklarerat att s\u00e5 l\u00e4nge ompr\u00f6vning p\u00e5g\u00e5r s\u00e5 prioriterar man inte tillsynen av verksamheten.<\/p>\n\n\n\n<p>Hallands landskapsdjur laxen, \u00e5len och havsnejon\u00f6gonen beh\u00f6ver vatten nu, det kan inte v\u00e4nta. Sverige har f\u00f6rbundit sig att f\u00f6lja EU:s vattendirektiv och \u00e5lf\u00f6rordningen. \u00c5len \u00e4r akut hotad och best\u00e5ndet t\u00e5l inte att Sverige f\u00f6rhalar handl\u00e4ggningen. Det \u00e4r inte OK att svenska och utl\u00e4ndska bolag \u00e4r befriade fr\u00e5n att h\u00e5lla fria vandringsv\u00e4gar f\u00f6r fisken och att helt st\u00e4nga av fl\u00f6det i \u00c4trans naturliga \u00e5f\u00e5ra.<\/p>\n\n\n\n<figure class=\"wp-block-image size-large\"><a href=\"https:\/\/ingemar.alenas.se\/wp-content\/uploads\/2020\/09\/Al-Yngered-okt-2019.jpg\"><img loading=\"lazy\" decoding=\"async\" width=\"1024\" height=\"467\" src=\"https:\/\/ingemar.alenas.se\/wp-content\/uploads\/2020\/09\/Al-Yngered-okt-2019-1024x467.jpg\" alt=\"\" class=\"wp-image-9776\" srcset=\"https:\/\/ingemar.alenas.se\/wp-content\/uploads\/2020\/09\/Al-Yngered-okt-2019-1024x467.jpg 1024w, https:\/\/ingemar.alenas.se\/wp-content\/uploads\/2020\/09\/Al-Yngered-okt-2019-300x137.jpg 300w, https:\/\/ingemar.alenas.se\/wp-content\/uploads\/2020\/09\/Al-Yngered-okt-2019-768x350.jpg 768w, https:\/\/ingemar.alenas.se\/wp-content\/uploads\/2020\/09\/Al-Yngered-okt-2019.jpg 1217w\" sizes=\"auto, (max-width: 1024px) 100vw, 1024px\" \/><\/a><\/figure>\n","protected":false},"excerpt":{"rendered":"<p>2021-07-23 \u00c4trans N2000 omr\u00e5de vid \u00c4trafors \u00e4r avsatt f\u00f6r fiskar som lax, \u00e5l och havsnejon\u00f6ga. Numera \u00e4r \u00e5f\u00e5ran oftast torrlagd och allt vatten k\u00f6rs till kraftverket i \u00c4trafors. L\u00e4nsstyrelsen i Halland skriver 2013-11-26 i sin bevarandeplan f\u00f6r \u00c4tran: &#8221;Efter utbyggnaden i \u00c4trafors 1918 har den totala produktionen av laxsmolt i \u00c4trans huvudf\u00e5ra minskat kraftigt fr\u00e5n &hellip; <a href=\"https:\/\/ingemar.alenas.se\/?p=10876\" class=\"more-link\">Forts\u00e4tt l\u00e4sa <span class=\"screen-reader-text\">Torrl\u00e4ggning av \u00c4tran<\/span> <span class=\"meta-nav\">&rarr;<\/span><\/a><\/p>\n","protected":false},"author":1,"featured_media":2478,"comment_status":"closed","ping_status":"closed","sticky":false,"template":"","format":"standard","meta":{"ngg_post_thumbnail":0,"footnotes":""},"categories":[2,3],"tags":[],"class_list":["post-10876","post","type-post","status-publish","format-standard","has-post-thumbnail","hentry","category-naturnytt","category-vattenblank"],"_links":{"self":[{"href":"https:\/\/ingemar.alenas.se\/index.php?rest_route=\/wp\/v2\/posts\/10876","targetHints":{"allow":["GET"]}}],"collection":[{"href":"https:\/\/ingemar.alenas.se\/index.php?rest_route=\/wp\/v2\/posts"}],"about":[{"href":"https:\/\/ingemar.alenas.se\/index.php?rest_route=\/wp\/v2\/types\/post"}],"author":[{"embeddable":true,"href":"https:\/\/ingemar.alenas.se\/index.php?rest_route=\/wp\/v2\/users\/1"}],"replies":[{"embeddable":true,"href":"https:\/\/ingemar.alenas.se\/index.php?rest_route=%2Fwp%2Fv2%2Fcomments&post=10876"}],"version-history":[{"count":2,"href":"https:\/\/ingemar.alenas.se\/index.php?rest_route=\/wp\/v2\/posts\/10876\/revisions"}],"predecessor-version":[{"id":10880,"href":"https:\/\/ingemar.alenas.se\/index.php?rest_route=\/wp\/v2\/posts\/10876\/revisions\/10880"}],"wp:featuredmedia":[{"embeddable":true,"href":"https:\/\/ingemar.alenas.se\/index.php?rest_route=\/wp\/v2\/media\/2478"}],"wp:attachment":[{"href":"https:\/\/ingemar.alenas.se\/index.php?rest_route=%2Fwp%2Fv2%2Fmedia&parent=10876"}],"wp:term":[{"taxonomy":"category","embeddable":true,"href":"https:\/\/ingemar.alenas.se\/index.php?rest_route=%2Fwp%2Fv2%2Fcategories&post=10876"},{"taxonomy":"post_tag","embeddable":true,"href":"https:\/\/ingemar.alenas.se\/index.php?rest_route=%2Fwp%2Fv2%2Ftags&post=10876"}],"curies":[{"name":"wp","href":"https:\/\/api.w.org\/{rel}","templated":true}]}}