{"id":10855,"date":"2021-07-15T21:40:36","date_gmt":"2021-07-15T21:40:36","guid":{"rendered":"https:\/\/ingemar.alenas.se\/?p=10855"},"modified":"2021-07-15T21:47:19","modified_gmt":"2021-07-15T21:47:19","slug":"fiskvagen-vid-herting","status":"publish","type":"post","link":"https:\/\/ingemar.alenas.se\/?p=10855","title":{"rendered":"Utter vid Herting"},"content":{"rendered":"\n<h2 class=\"wp-block-heading\">2021-07-15 I morse st\u00e4dades och rengjordes fiskr\u00e4knaren vid Herting. <\/h2>\n\n\n\n<p>I kv\u00e4ll ca kl halv nio anv\u00e4ndes den nyst\u00e4dade fiskv\u00e4gen av en nedvandrande utter. Hertingprojektet har gett tillbaka forsen till Falkenberg och nu vandrar \u00e5ter utter i \u00e5n. Laxen leker och har sin barnkammare i forsen. P\u00e5 1800-talet skriver avisen att &#8221;det fanns en myckenhet av utter i \u00e5n&#8221; och folk gick man ur huse f\u00f6r att plocka \u00e5l &#8221;n\u00e4r \u00c4tran stannade&#8221;.<\/p>\n\n\n\n<p>Nu skall \u00e4ven korttidsregleringen av \u00c4tran ompr\u00f6vas enligt modern milj\u00f6lagstiftning. Korttidsregleringen har ber\u00e4knats ta d\u00f6d p\u00e5 ca 34 500 laxsmolt i \u00c4tran. N\u00e4r detta \u00e5tg\u00e4rdas f\u00e5r b\u00e5de uttern och sportfiskaren en b\u00e4ttre milj\u00f6 och riklig tillg\u00e5ng p\u00e5 lax i \u00c4tran!<\/p>\n\n\n\n<figure class=\"wp-block-video\"><video height=\"480\" style=\"aspect-ratio: 640 \/ 480;\" width=\"640\" controls src=\"https:\/\/ingemar.alenas.se\/wp-content\/uploads\/2021\/07\/Stadning-2021-07-15-1357_1.mp4\"><\/video><figcaption>2021-07-15 Fiskr\u00e4knaren reng\u00f6rs K\u00e4lla: Fiskdata.se<\/figcaption><\/figure>\n\n\n\n<figure class=\"wp-block-video\"><video height=\"480\" style=\"aspect-ratio: 640 \/ 480;\" width=\"640\" controls src=\"https:\/\/ingemar.alenas.se\/wp-content\/uploads\/2021\/07\/Utter-2021-07-151380.mp4\"><\/video><figcaption>2021-07-15 P\u00e5 kv\u00e4llen pr\u00f6var uttern att vandra i den nyst\u00e4dade r\u00e4knaren! K\u00e4lla:Fiskdata.se<\/figcaption><\/figure>\n","protected":false},"excerpt":{"rendered":"<p>2021-07-15 I morse st\u00e4dades och rengjordes fiskr\u00e4knaren vid Herting. I kv\u00e4ll ca kl halv nio anv\u00e4ndes den nyst\u00e4dade fiskv\u00e4gen av en nedvandrande utter. Hertingprojektet har gett tillbaka forsen till Falkenberg och nu vandrar \u00e5ter utter i \u00e5n. Laxen leker och har sin barnkammare i forsen. P\u00e5 1800-talet skriver avisen att &#8221;det fanns en myckenhet av &hellip; <a href=\"https:\/\/ingemar.alenas.se\/?p=10855\" class=\"more-link\">Forts\u00e4tt l\u00e4sa <span class=\"screen-reader-text\">Utter vid Herting<\/span> <span class=\"meta-nav\">&rarr;<\/span><\/a><\/p>\n","protected":false},"author":1,"featured_media":0,"comment_status":"closed","ping_status":"closed","sticky":false,"template":"","format":"standard","meta":{"ngg_post_thumbnail":0,"footnotes":""},"categories":[2,3],"tags":[],"class_list":["post-10855","post","type-post","status-publish","format-standard","hentry","category-naturnytt","category-vattenblank"],"_links":{"self":[{"href":"https:\/\/ingemar.alenas.se\/index.php?rest_route=\/wp\/v2\/posts\/10855","targetHints":{"allow":["GET"]}}],"collection":[{"href":"https:\/\/ingemar.alenas.se\/index.php?rest_route=\/wp\/v2\/posts"}],"about":[{"href":"https:\/\/ingemar.alenas.se\/index.php?rest_route=\/wp\/v2\/types\/post"}],"author":[{"embeddable":true,"href":"https:\/\/ingemar.alenas.se\/index.php?rest_route=\/wp\/v2\/users\/1"}],"replies":[{"embeddable":true,"href":"https:\/\/ingemar.alenas.se\/index.php?rest_route=%2Fwp%2Fv2%2Fcomments&post=10855"}],"version-history":[{"count":3,"href":"https:\/\/ingemar.alenas.se\/index.php?rest_route=\/wp\/v2\/posts\/10855\/revisions"}],"predecessor-version":[{"id":10861,"href":"https:\/\/ingemar.alenas.se\/index.php?rest_route=\/wp\/v2\/posts\/10855\/revisions\/10861"}],"wp:attachment":[{"href":"https:\/\/ingemar.alenas.se\/index.php?rest_route=%2Fwp%2Fv2%2Fmedia&parent=10855"}],"wp:term":[{"taxonomy":"category","embeddable":true,"href":"https:\/\/ingemar.alenas.se\/index.php?rest_route=%2Fwp%2Fv2%2Fcategories&post=10855"},{"taxonomy":"post_tag","embeddable":true,"href":"https:\/\/ingemar.alenas.se\/index.php?rest_route=%2Fwp%2Fv2%2Ftags&post=10855"}],"curies":[{"name":"wp","href":"https:\/\/api.w.org\/{rel}","templated":true}]}}