{"id":10533,"date":"2021-03-10T13:24:39","date_gmt":"2021-03-10T13:24:39","guid":{"rendered":"https:\/\/ingemar.alenas.se\/?p=10533"},"modified":"2021-03-16T08:23:45","modified_gmt":"2021-03-16T08:23:45","slug":"arets-arkitekturpris-2020","status":"publish","type":"post","link":"https:\/\/ingemar.alenas.se\/?p=10533","title":{"rendered":"\u00c5rets arkitekturpris 2020"},"content":{"rendered":"\n<h2 class=\"wp-block-heading\">2021-03-10 Vinnaren av \u00e5rets arkitekturpris i \u00d6sterg\u00f6tland blev Tekniska Verken f\u00f6r sitt arbete med en fiskv\u00e4g i St\u00e5ng\u00e5n vid Nykvarnsholmen i Link\u00f6ping.<\/h2>\n\n\n\n<p>Motiveringen lyder: &#8221;Nykvarnsholmen \u00e4r ett positivt bidrag i Link\u00f6pings stadsmilj\u00f6 med fokus p\u00e5 behov och v\u00e4rden f\u00f6r b\u00e5de m\u00e4nniskor och natur. P\u00e5 platsen m\u00f6ts natur, historia, pedagogik, teknik och estetik. Tekniska f\u00f6ruts\u00e4ttningar har v\u00e4vts samman med v\u00e4rden f\u00f6r vistelse och ekologi till en helhet som respekterar och ansluter v\u00e4l till sitt sammanhang&#8221;.<\/p>\n\n\n\n<p>Motiveringen forts\u00e4tter: &#8221;Projektet ger inte bara v\u00e4rden p\u00e5 den specifika platsen utan \u00e4ven i ett st\u00f6rre sammanhang, genom att vara en del av stadens planerade stadspark, skapa f\u00f6ruts\u00e4ttningar f\u00f6r ett mer levande vattendrag samt \u00f6ka allm\u00e4nhetens kunskap om biologi och historia. Projektet har gett mer \u00e4n bara en plats och \u00e4r en del i arbetet mot mer l\u00e5ngsiktigt h\u00e5llbara samh\u00e4llen.\u201d L\u00e4s mer<a href=\"https:\/\/via.tt.se\/pressmeddelande\/ostergotlands-arkitekturpris-2020-till-nykvarnsholmen?publisherId=2746664&amp;releaseId=3294458\"> h\u00e4r<\/a>.<\/p>\n\n\n\n<p>Det kommer allt fler projekt som uppm\u00e4rksammar behovet av \u00e5tg\u00e4rder f\u00f6r levande vattendrag med goda f\u00f6ruts\u00e4ttningar f\u00f6r vandringsfisken. Flera kommuner och st\u00e4der anv\u00e4nder dessa projekt i sitt positiva arbete f\u00f6r en \u00f6kande ekoturism. <\/p>\n\n\n\n<p>Falkenbergs kommun genomf\u00f6rde 2013 ett av Sveriges mest omfattande projekt med att \u00e5terskapa Hertingforsen i Falkenberg. Destinationsbolaget har tagit fram ett f\u00f6rslag till Bes\u00f6kscentrum med caf\u00e9, informationslokal och f\u00f6rel\u00e4sningssal. F\u00f6rslaget har tagits fram efter flera medborgarf\u00f6rslag p\u00e5 samma tema. Nu hoppas Naturnytt att Falkenberg blir f\u00f6rst med att besluta om att realisera dessa planer och f\u00e5 ett eget &#8221;Laxens Hus&#8221; i Halland. Men f\u00f6rutom Falkenberg s\u00e5 hyser laxens landskap flera fina lax\u00e5ar och st\u00e4der som satsar p\u00e5 en h\u00e5llbar naturturism. R\u00f6kt Halmstadslax gick p\u00e5 export fr\u00e5n b\u00f6rjan av 1600-talet till hela Hansaomr\u00e5det. I Stockholm omtalas att laxen \u201d\u00e4tes af de sk\u00f6naste damer med synnerlig smak&#8221;.<\/p>\n\n\n\n<p>PS <strong>2021-03-14<\/strong> Kulturhuset Argus vinner \u00e5rets arkitektpris i Falkenberg. L\u00e4s mer <a href=\"https:\/\/www.arkitekt.se\/nyhet\/kulturhuset-argus-vinner-arkitekturpris\/?fbclid=IwAR3lyQJ9U_CDKLYNqdZ9qPm1uVLAbRVPweFSNSoMLKUaRdRveMtE0GCUMxs\">h\u00e4r.<\/a> &#8221;Juryn f\u00f6r Sveriges Arkitekter Hallands Pris gratulerar Falkenberg till en vacker byggnad. Juryn ser ocks\u00e5 fram emot den fortsatta utvecklingen av kvarteret och gymnasieskolan samt den nya stadsparken.\u201d Inv\u00e5narna ser ocks\u00e5 fram emot att den nya stadsparken blir en &#8221;gr\u00f6n lunga&#8221; i den allt mer urbaniserade milj\u00f6n. DS<\/p>\n\n\n\n<figure class=\"wp-block-image size-large\"><a href=\"https:\/\/ingemar.alenas.se\/wp-content\/uploads\/2021\/03\/P3960164-kopia.jpg\"><img loading=\"lazy\" decoding=\"async\" width=\"1024\" height=\"392\" src=\"https:\/\/ingemar.alenas.se\/wp-content\/uploads\/2021\/03\/P3960164-kopia-1024x392.jpg\" alt=\"\" class=\"wp-image-10537\" srcset=\"https:\/\/ingemar.alenas.se\/wp-content\/uploads\/2021\/03\/P3960164-kopia-1024x392.jpg 1024w, https:\/\/ingemar.alenas.se\/wp-content\/uploads\/2021\/03\/P3960164-kopia-300x115.jpg 300w, https:\/\/ingemar.alenas.se\/wp-content\/uploads\/2021\/03\/P3960164-kopia-768x294.jpg 768w, https:\/\/ingemar.alenas.se\/wp-content\/uploads\/2021\/03\/P3960164-kopia.jpg 1400w\" sizes=\"auto, (max-width: 1024px) 100vw, 1024px\" \/><\/a><figcaption>Hertingforsen \u00e5terskapades 2013. Laxarna leker och flugfiskarna svingar sina dunkrokar i forsen. Men uppf\u00f6ljande satsningen med &#8221;Laxens hus&#8221; kom av sig och har nu vilat i sju \u00e5r. Hertingforsen \u00e4r dock ett gott exempel f\u00f6r att \u00f6ppna upp \u00c4trans \u00f6vriga forsar. V\u00e4rdet f\u00f6r laxen och v\u00e4rdet f\u00f6r kommunen \u00e4r ofattbart stort.<\/figcaption><\/figure>\n","protected":false},"excerpt":{"rendered":"<p>2021-03-10 Vinnaren av \u00e5rets arkitekturpris i \u00d6sterg\u00f6tland blev Tekniska Verken f\u00f6r sitt arbete med en fiskv\u00e4g i St\u00e5ng\u00e5n vid Nykvarnsholmen i Link\u00f6ping. Motiveringen lyder: &#8221;Nykvarnsholmen \u00e4r ett positivt bidrag i Link\u00f6pings stadsmilj\u00f6 med fokus p\u00e5 behov och v\u00e4rden f\u00f6r b\u00e5de m\u00e4nniskor och natur. P\u00e5 platsen m\u00f6ts natur, historia, pedagogik, teknik och estetik. Tekniska f\u00f6ruts\u00e4ttningar har &hellip; <a href=\"https:\/\/ingemar.alenas.se\/?p=10533\" class=\"more-link\">Forts\u00e4tt l\u00e4sa <span class=\"screen-reader-text\">\u00c5rets arkitekturpris 2020<\/span> <span class=\"meta-nav\">&rarr;<\/span><\/a><\/p>\n","protected":false},"author":1,"featured_media":0,"comment_status":"closed","ping_status":"closed","sticky":false,"template":"","format":"standard","meta":{"ngg_post_thumbnail":0,"footnotes":""},"categories":[2,3,1],"tags":[],"class_list":["post-10533","post","type-post","status-publish","format-standard","hentry","category-naturnytt","category-vattenblank","category-laxens-ar-2019"],"_links":{"self":[{"href":"https:\/\/ingemar.alenas.se\/index.php?rest_route=\/wp\/v2\/posts\/10533","targetHints":{"allow":["GET"]}}],"collection":[{"href":"https:\/\/ingemar.alenas.se\/index.php?rest_route=\/wp\/v2\/posts"}],"about":[{"href":"https:\/\/ingemar.alenas.se\/index.php?rest_route=\/wp\/v2\/types\/post"}],"author":[{"embeddable":true,"href":"https:\/\/ingemar.alenas.se\/index.php?rest_route=\/wp\/v2\/users\/1"}],"replies":[{"embeddable":true,"href":"https:\/\/ingemar.alenas.se\/index.php?rest_route=%2Fwp%2Fv2%2Fcomments&post=10533"}],"version-history":[{"count":6,"href":"https:\/\/ingemar.alenas.se\/index.php?rest_route=\/wp\/v2\/posts\/10533\/revisions"}],"predecessor-version":[{"id":10574,"href":"https:\/\/ingemar.alenas.se\/index.php?rest_route=\/wp\/v2\/posts\/10533\/revisions\/10574"}],"wp:attachment":[{"href":"https:\/\/ingemar.alenas.se\/index.php?rest_route=%2Fwp%2Fv2%2Fmedia&parent=10533"}],"wp:term":[{"taxonomy":"category","embeddable":true,"href":"https:\/\/ingemar.alenas.se\/index.php?rest_route=%2Fwp%2Fv2%2Fcategories&post=10533"},{"taxonomy":"post_tag","embeddable":true,"href":"https:\/\/ingemar.alenas.se\/index.php?rest_route=%2Fwp%2Fv2%2Ftags&post=10533"}],"curies":[{"name":"wp","href":"https:\/\/api.w.org\/{rel}","templated":true}]}}