{"id":10522,"date":"2021-03-06T15:01:02","date_gmt":"2021-03-06T15:01:02","guid":{"rendered":"https:\/\/ingemar.alenas.se\/?p=10522"},"modified":"2021-03-06T15:09:33","modified_gmt":"2021-03-06T15:09:33","slug":"nya-miljokrav-for-atran-och-hogvadsan","status":"publish","type":"post","link":"https:\/\/ingemar.alenas.se\/?p=10522","title":{"rendered":"Nya milj\u00f6krav f\u00f6r \u00c4tran och H\u00f6gvads\u00e5n"},"content":{"rendered":"\n<h2 class=\"wp-block-heading\">2021-03-06 Vattenmyndigheterna g\u00e5r nu ut med f\u00f6rslag p\u00e5 nya milj\u00f6krav f\u00f6r 1300 vattendrag som p\u00e5verkas av vattenkraften. Detta \u00e4r den mest genomgripande pr\u00f6vning som gjorts sedan tillkomsten av alla vattendomar under f\u00f6rra seklet. L\u00e4s mer <a href=\"https:\/\/www.vattenmyndigheterna.se\/om-vattenmyndigheterna\/nyheter-och-press\/nyheter\/2021-03-01-nya-miljokrav-foreslas-for-1-300-vatten.html\">h\u00e4r<\/a>.<\/h2>\n\n\n\n<p>Under 2020 beslutade regeringen om en nationell plan (NAP)f\u00f6r moderna milj\u00f6villkor f\u00f6r vattenkraften. Planen ska s\u00e4kerst\u00e4lla ett systematiskt och l\u00e5ngsiktigt arbetss\u00e4tt d\u00e4r all vattenkraft ompr\u00f6vas under en period p\u00e5 20 \u00e5r fr\u00e5n 2022 och fram\u00e5t. \u00c4tran och H\u00f6gvads\u00e5n skall ompr\u00f6vas \u00e5r 2024.<\/p>\n\n\n\n<p>Inf\u00f6r de kommande pr\u00f6vningarna g\u00f6r d\u00e4rf\u00f6r vattenmyndigheterna en genomg\u00e5ng av alla vatten som p\u00e5verkas av vattenkraft. Syftet \u00e4r att se till att milj\u00f6kvalitetsnormerna \u00e4r v\u00e4l underbyggda och motiverade och att b\u00e4sta tillg\u00e4ngliga underlag har anv\u00e4nts. D\u00e4rf\u00f6r g\u00e5r myndigheterna nu ut med en allm\u00e4n f\u00f6rfr\u00e5gan om synpunkter f\u00f6r de som kan ber\u00f6ras av eventuella f\u00f6r\u00e4ndringar som vattenkraften orsakar. F\u00f6rslagen skall l\u00e4mnas in till myndigheten <strong>senast den 30 april 2021<\/strong>. L\u00e4s mer <a href=\"https:\/\/www.vattenmyndigheterna.se\/vattenforvaltning\/samrad-om-forvaltningsplan-atgardsprogram-och-miljokvalitetsnormer-2021-2027\/forslag-till-miljokvalitetsnormer-for-vatten-som-paverkas-av-vattenkraft\/samradsmaterial.html\">h\u00e4r.<\/a><\/p>\n\n\n\n<p>Viktiga remissinstanser \u00e4r Falkenbergs kommun och \u00c4trans vattenr\u00e5d (\u00c4VR). \u00c4trans vattenr\u00e5ds medlemmar \u00e4r f\u00f6rutom Falkenbergs kommun bl.a. Hallands Fiskevatten\u00e4gare, Hallands Sportfiske- och fiskev\u00e5rdsf\u00f6rbund och Falkenbergs Naturskyddsf\u00f6rening.<\/p>\n\n\n\n<p>Hertingprojektet har inneburit f\u00f6rb\u00e4ttrade m\u00f6jligheter f\u00f6r naturen och vandringsfisken i \u00c4tran. Nu finns goda m\u00f6jligheter att  genom f\u00f6rnyade milj\u00f6anpassade \u00e5tg\u00e4rder f\u00f6r att ytterligare f\u00f6rb\u00e4ttra livsvillkoren och milj\u00f6n f\u00f6r \u00c4trans unika fauna och flora. \u00c4trans Laxfiske kan med r\u00e4tt \u00e5tg\u00e4rder g\u00e5 mot en f\u00f6rnyad ren\u00e4ssans.<\/p>\n\n\n\n<p>\u00c4trans \u00e5rliga produktion av laxsmolt p\u00e5 str\u00e4ckan \u00c4trafors till havet har av SLU:s experter (Spjut, Degerman 2018) i dag bed\u00f6mts till 9140 st. Fiskeriverket (Sj\u00f6strand 1989) bed\u00f6mde att den \u00e5rliga smoltproduktionen p\u00e5 denna str\u00e4cka minskade med 30 000 till 40 000 laxsmolt n\u00e4r \u00c4trafors kraftverk byggdes och korttidsreglering inf\u00f6rdes. Ber\u00e4kningarna indikerar hur mycket naturen och laxfisket skulle kunna f\u00f6rb\u00e4ttras om nu g\u00e4llande vattendomar milj\u00f6anpassades.<\/p>\n\n\n\n<figure class=\"wp-block-image size-large\"><a href=\"https:\/\/ingemar.alenas.se\/wp-content\/uploads\/2019\/04\/P2470385.jpg\"><img loading=\"lazy\" decoding=\"async\" width=\"1024\" height=\"433\" src=\"https:\/\/ingemar.alenas.se\/wp-content\/uploads\/2019\/04\/P2470385-1024x433.jpg\" alt=\"\" class=\"wp-image-7312\" srcset=\"https:\/\/ingemar.alenas.se\/wp-content\/uploads\/2019\/04\/P2470385-1024x433.jpg 1024w, https:\/\/ingemar.alenas.se\/wp-content\/uploads\/2019\/04\/P2470385-300x127.jpg 300w, https:\/\/ingemar.alenas.se\/wp-content\/uploads\/2019\/04\/P2470385-768x325.jpg 768w, https:\/\/ingemar.alenas.se\/wp-content\/uploads\/2019\/04\/P2470385.jpg 1200w\" sizes=\"auto, (max-width: 1024px) 100vw, 1024px\" \/><\/a><figcaption>Laxsmoltens produktion och kondition skulle \u00f6kas avsev\u00e4rt i \u00c4tran om de inte utsattes f\u00f6r en kraftig korttidsreglering med stora fl\u00f6desvariationer.<\/figcaption><\/figure>\n\n\n\n<p>Men myntet har alltid tv\u00e5 sidor. Uniper som \u00e4ger \u00c4trafors korttidsreglerar \u00c4tran f\u00f6r att s\u00e4ja mer el n\u00e4r priset \u00e4r h\u00f6gt och sparar vatten n\u00e4r elpriset \u00e4r l\u00e5gt. S\u00e5ledes visas p\u00e5 Unipers hemsida att vattenfl\u00f6det under tre timmar p\u00e5 m\u00e5ndag morron 2021-03-08 \u00f6kas fr\u00e5n 13 till 57,9 m\u00b3\/s f\u00f6r att p\u00e5 m\u00e5ndag kv\u00e4ll under tre timmar st\u00e4ngas fr\u00e5n 57,6 till 12,7 m\u00b3\/s. Vid h\u00f6gre basfl\u00f6de kan skillnaderna vara \u00e4nnu st\u00f6rre. <\/p>\n\n\n\n<p>Vattenmyndigheterna beh\u00f6ver nu st\u00f6d fr\u00e5n de som v\u00e4rnar om v\u00e5ra vatten f\u00f6r att anpassa de f\u00f6r\u00e5ldrade vattendomarna till moderna milj\u00f6krav. Om detta st\u00f6d uteblir \u00e4r risken stor att domarna \u00e4ven forts\u00e4ttningsvis anpassas efter maximal ekonomisk vinst.<\/p>\n\n\n\n<p>Naturnytt har tidigare rapporterat om torrl\u00e4ggning av H\u00f6gvads\u00e5n och d\u00f6da \u00e5f\u00e5ran vid \u00c4trafors liksom \u00e5ld\u00f6d vid kraftverken. \u00c4ven dessa missf\u00f6rh\u00e5llanden kan l\u00e4tt ordnas genom moderna milj\u00f6krav.<\/p>\n","protected":false},"excerpt":{"rendered":"<p>2021-03-06 Vattenmyndigheterna g\u00e5r nu ut med f\u00f6rslag p\u00e5 nya milj\u00f6krav f\u00f6r 1300 vattendrag som p\u00e5verkas av vattenkraften. Detta \u00e4r den mest genomgripande pr\u00f6vning som gjorts sedan tillkomsten av alla vattendomar under f\u00f6rra seklet. L\u00e4s mer h\u00e4r. Under 2020 beslutade regeringen om en nationell plan (NAP)f\u00f6r moderna milj\u00f6villkor f\u00f6r vattenkraften. Planen ska s\u00e4kerst\u00e4lla ett systematiskt och &hellip; <a href=\"https:\/\/ingemar.alenas.se\/?p=10522\" class=\"more-link\">Forts\u00e4tt l\u00e4sa <span class=\"screen-reader-text\">Nya milj\u00f6krav f\u00f6r \u00c4tran och H\u00f6gvads\u00e5n<\/span> <span class=\"meta-nav\">&rarr;<\/span><\/a><\/p>\n","protected":false},"author":1,"featured_media":9409,"comment_status":"closed","ping_status":"closed","sticky":false,"template":"","format":"standard","meta":{"ngg_post_thumbnail":0,"footnotes":""},"categories":[2,3],"tags":[],"class_list":["post-10522","post","type-post","status-publish","format-standard","has-post-thumbnail","hentry","category-naturnytt","category-vattenblank"],"_links":{"self":[{"href":"https:\/\/ingemar.alenas.se\/index.php?rest_route=\/wp\/v2\/posts\/10522","targetHints":{"allow":["GET"]}}],"collection":[{"href":"https:\/\/ingemar.alenas.se\/index.php?rest_route=\/wp\/v2\/posts"}],"about":[{"href":"https:\/\/ingemar.alenas.se\/index.php?rest_route=\/wp\/v2\/types\/post"}],"author":[{"embeddable":true,"href":"https:\/\/ingemar.alenas.se\/index.php?rest_route=\/wp\/v2\/users\/1"}],"replies":[{"embeddable":true,"href":"https:\/\/ingemar.alenas.se\/index.php?rest_route=%2Fwp%2Fv2%2Fcomments&post=10522"}],"version-history":[{"count":8,"href":"https:\/\/ingemar.alenas.se\/index.php?rest_route=\/wp\/v2\/posts\/10522\/revisions"}],"predecessor-version":[{"id":10531,"href":"https:\/\/ingemar.alenas.se\/index.php?rest_route=\/wp\/v2\/posts\/10522\/revisions\/10531"}],"wp:featuredmedia":[{"embeddable":true,"href":"https:\/\/ingemar.alenas.se\/index.php?rest_route=\/wp\/v2\/media\/9409"}],"wp:attachment":[{"href":"https:\/\/ingemar.alenas.se\/index.php?rest_route=%2Fwp%2Fv2%2Fmedia&parent=10522"}],"wp:term":[{"taxonomy":"category","embeddable":true,"href":"https:\/\/ingemar.alenas.se\/index.php?rest_route=%2Fwp%2Fv2%2Fcategories&post=10522"},{"taxonomy":"post_tag","embeddable":true,"href":"https:\/\/ingemar.alenas.se\/index.php?rest_route=%2Fwp%2Fv2%2Ftags&post=10522"}],"curies":[{"name":"wp","href":"https:\/\/api.w.org\/{rel}","templated":true}]}}