{"id":10449,"date":"2021-02-13T18:50:39","date_gmt":"2021-02-13T18:50:39","guid":{"rendered":"https:\/\/ingemar.alenas.se\/?p=10449"},"modified":"2021-02-14T08:00:13","modified_gmt":"2021-02-14T08:00:13","slug":"atrans-forvaltning-och-utveckling","status":"publish","type":"post","link":"https:\/\/ingemar.alenas.se\/?p=10449","title":{"rendered":"\u00c4trans f\u00f6rvaltning och utveckling"},"content":{"rendered":"\n<h2 class=\"wp-block-heading\">2021-02-13 F\u00f6rvaltnigs- och utvecklings- plan f\u00f6r \u00c4trans Nedre Fiskev\u00e5rdsomr\u00e5de \u00e4r en 92-sidig beskrivning av  milj\u00f6, natur och stadgar f\u00f6r \u00c4trans nedre fvo. F\u00f6rfattarna skriver att planen skall ge f\u00f6rslag p\u00e5 f\u00f6rvaltnings\u00e5tg\u00e4rder samt peka ut behovet av fysiska insatser som kan f\u00f6rb\u00e4ttra fiskbest\u00e5ndens reproduktions-  f\u00f6ruts\u00e4ttningar.<\/h2>\n\n\n\n<p>L\u00e4nsstyrelsen i V\u00e4stra G\u00f6taland har 2018 publicerat Pilotprojektet F\u00f6rvaltningsplan f\u00f6r Nissan f\u00f6r att ge en god v\u00e4gledning till att utveckla f\u00f6rvaltningsplaner i \u00f6vriga v\u00e4stsvenska \u00e5ar. Planen ger ett antal f\u00f6rslag p\u00e5 hur man kan ut\u00f6ka laxens habitat i Nissan. L\u00e4s mer i <a href=\"https:\/\/www.lansstyrelsen.se\/download\/18.4e0415ee166afb593241a3c0\/1542298231537\/2018-52.pdf\">\u00c5tg\u00e4rdsplan f\u00f6r nedre Nissan.<\/a><br>Vattenmyndigheterna gav 2015 FUG i uppdrag att st\u00f6tta arbetet med att ta fram \u00e5tg\u00e4rdsf\u00f6rslag i vatten klassade som KMV. N\u00e4r man tog fram planen f\u00f6r Nissan fl\u00f6desmodellerades \u00e4ven delar av \u00c4tran f\u00f6r att synligg\u00f6ra behovet av \u00e5tg\u00e4rder i \u00f6vriga KMV-\u00e4lvar. Detta har man tyv\u00e4rr helt missat i f\u00f6rvaltningsplanen f\u00f6r \u00c4tran! <\/p>\n\n\n\n<figure class=\"wp-block-image size-large\"><a href=\"https:\/\/ingemar.alenas.se\/wp-content\/uploads\/2021\/02\/Atrafors-flodesmodell.jpg\"><img loading=\"lazy\" decoding=\"async\" width=\"1024\" height=\"409\" src=\"https:\/\/ingemar.alenas.se\/wp-content\/uploads\/2021\/02\/Atrafors-flodesmodell-1024x409.jpg\" alt=\"\" class=\"wp-image-10455\" srcset=\"https:\/\/ingemar.alenas.se\/wp-content\/uploads\/2021\/02\/Atrafors-flodesmodell-1024x409.jpg 1024w, https:\/\/ingemar.alenas.se\/wp-content\/uploads\/2021\/02\/Atrafors-flodesmodell-300x120.jpg 300w, https:\/\/ingemar.alenas.se\/wp-content\/uploads\/2021\/02\/Atrafors-flodesmodell-768x307.jpg 768w, https:\/\/ingemar.alenas.se\/wp-content\/uploads\/2021\/02\/Atrafors-flodesmodell.jpg 1088w\" sizes=\"auto, (max-width: 1024px) 100vw, 1024px\" \/><\/a><figcaption>F\u00f6rslag p\u00e5 \u00e5tg\u00e4rd i N2000 omr\u00e5det vid \u00c4trafors modellerat med HEC-RAS. Nya lek- och uppv\u00e4xtomr\u00e5den uppst\u00e5r f\u00f6r lax vid ett \u00e5terst\u00e4llt vattenfl\u00f6de.<\/figcaption><\/figure>\n\n\n\n<p>I st\u00e4llet f\u00f6r att beskriva hur fiskbest\u00e5nden kan f\u00f6rb\u00e4ttras i \u00c4tran skriver man i rapporten: <em>&#8221;I vissa fall ligger viktiga fiskev\u00e5rdsprojekt bortom fiskev\u00e5rdsomr\u00e5dets m\u00f6jligheter. Det g\u00e4ller framf\u00f6rallt de domstolsf\u00f6rhandlingar som kommer att \u00e4ga rum inom ramen f\u00f6r nationella handlingsplanen f\u00f6r vattenkraften, och som ber\u00f6r ett flertal vattenverksamheter i omr\u00e5det. Vid domstolsf\u00f6rhandlingarna kommer aspekter som fiskvandringsv\u00e4gar, minimitappning (t ex i torrf\u00e5ran i \u00c4trafors) och fl\u00f6desregim att behandlas. Dessa fr\u00e5gor ber\u00f6rs f\u00f6ljaktligen inte i \u00e5tg\u00e4rdsf\u00f6rslagen&#8221;.<\/em><\/p>\n\n\n\n<p>Om inte fiskevatten\u00e4garna f\u00f6resl\u00e5r, bevakar och st\u00f6ttar viktiga \u00e5tg\u00e4rder f\u00f6r laxen och vandringsfisken, vem tar d\u00e5 detta ansvar? Stora skador sker p\u00e5 grund av korttidsreglering i \u00c4tran fr\u00e5n \u00c4trafors till havet. Synpunkter inf\u00f6r ompr\u00f6vning enligt nationella planen (NAP) skall in till myndigheterna senast den 30 april 2021. Den nya f\u00f6rvaltningsplanen som haft en v\u00e4l tilltagen budget p\u00e5 445 000 kronor borde ha haft utrymme f\u00f6r att beskriva \u00e5tg\u00e4rder f\u00f6r att \u00f6ka laxens livsutrymme. De som \u00e4ger fisker\u00e4tten \u00e4r ju faktiskt part i m\u00e5let och domstolen kan inte ta st\u00e4llning till fakta som inte framf\u00f6rs.<\/p>\n\n\n\n<p>F\u00f6rfattarna anv\u00e4nder dock Fiskeriverkets Utredningskontors referens fr\u00e5n 1998 d\u00e4r utredaren fastsl\u00e5r att \u00c4trafors kraftverk orsakat en oreglerad f\u00f6rlust av laxproduktionen mellan \u00c4trafors och Yngeredsfors p\u00e5 34 500 laxsmolt till ett \u00e5rligt v\u00e4rde av drygt en miljon kronor. D\u00e4rtill kommer en oreglerad f\u00f6rlust av ca 30-40 000 laxsmolt nedstr\u00f6ms \u00c4trafors p\u00e5 grund av kraftverkets korttidsreglering. \u00c4trans huvudf\u00e5ras totala laxsmoltproduktion \u00e4r i dag endast 9100 smolt! \u00c4trans nedre fvo lider \u00e5rligen omfattande f\u00f6rluster som aldrig reglerats i domstol.<\/p>\n\n\n\n<p>Tidigare var det ett stort v\u00e4rde i \u00e5lfisket inom \u00c4trans avrinningsomr\u00e5de. F\u00f6rvaltnings- och utvecklingsplanen h\u00e4nvisar i detta avseende till den svenska \u00e5lf\u00f6rvaltningsplanen som inte tillvaratar fiskevatten\u00e4garnas intressen. Denna plan anger att den jungfruliga \u00e5lproduktionen i \u00c4tran f\u00f6re kraftverksepoken var 1878 \u00e5lar.<br>F\u00f6r att ge r\u00e4ttvisa \u00e5t \u00c4tran som \u00e5lproducent gjordes f\u00e5ngstf\u00f6rs\u00f6k f\u00f6r att uppskatta \u00c4trans verkliga \u00e5lproduktion. \u00c5ren 2010 och 2011 visades genom praktiska f\u00e5ngstf\u00e4llor att det producerades ca 5322 och 4507 blank\u00e5lar i \u00c4tran. Det \u00e4r k\u00e4nt att detta endast \u00e4r 1-5% av den ursprungliga produktionen, d\u00e5 \u00e5len \u00e4r akut hotad. Resultaten har publicerats i &#8221;<a href=\"https:\/\/www.diva-portal.org\/smash\/get\/diva2:546153\/fulltext01.pdf\">\u00c5l i \u00c4tran&#8221;<\/a> som inte finns med i referenslistan. Fisker\u00e4tts\u00e4garnas f\u00f6rluster n\u00e4r det g\u00e4ller \u00e5lfisket \u00e4r betydligt st\u00f6rre \u00e4n f\u00f6rlusten i laxfisket.<\/p>\n\n\n\n<p>V\u00e4rdet av \u00c4trans laxfiske finns ocks\u00e5 beskrivet i publikation p\u00e5 Havs- och vattenmyndigheten<a href=\"https:\/\/www.havochvatten.se\/miljopaverkan-och-atgarder\/miljopaverkan\/fysisk-paverkan\/restaurering-i-vatten\/herting.html\"> (Positiva effekter f\u00f6r vandringsfisk i \u00c4tran) <\/a>samt p\u00e5 L\u00e4nsstyrelsens hemsida<a href=\"https:\/\/www.lansstyrelsen.se\/halland\/om-oss\/nyheter-och-press\/nyheter----halland\/2019-01-15-hertingprojektet--ett-unikt-samverkansprojekt.html\"> (Samh\u00e4llsekonomisk analys av Hertingprojektet). <\/a>Dessa tv\u00e5 unika rapporter och referenser p\u00e5 v\u00e4rdet av \u00c4trans laxfiske \u00e4r ocks\u00e5 missade i den nya f\u00f6rvaltningsplanen. <\/p>\n\n\n\n<p>Slutligen skall s\u00e4gas att <a href=\"https:\/\/ingemar.alenas.se\/wp-content\/uploads\/2021\/02\/Forvaltnings-och-utvecklingsplan-Atran.pdf\">F\u00f6rvaltnings- och utvecklingsplanen f\u00f6r \u00c4trans Nedre fiskev\u00e5rdsomr\u00e5de<\/a> inneh\u00e5ller en hel del l\u00e4sv\u00e4rd information. Kompletterad med f\u00f6rslag p\u00e5 organisationsstruktur och fysiska \u00e5tg\u00e4rder f\u00f6r att ut\u00f6ka laxens livsmilj\u00f6 \u00e4r det en grund att bygga vidare p\u00e5. \u00c4trans internationella milj\u00f6v\u00e4rden (N2000) m\u00e5ste f\u00e5 motsvarande tyngd som starka exploateringsintressen.<\/p>\n","protected":false},"excerpt":{"rendered":"<p>2021-02-13 F\u00f6rvaltnigs- och utvecklings- plan f\u00f6r \u00c4trans Nedre Fiskev\u00e5rdsomr\u00e5de \u00e4r en 92-sidig beskrivning av milj\u00f6, natur och stadgar f\u00f6r \u00c4trans nedre fvo. F\u00f6rfattarna skriver att planen skall ge f\u00f6rslag p\u00e5 f\u00f6rvaltnings\u00e5tg\u00e4rder samt peka ut behovet av fysiska insatser som kan f\u00f6rb\u00e4ttra fiskbest\u00e5ndens reproduktions- f\u00f6ruts\u00e4ttningar. L\u00e4nsstyrelsen i V\u00e4stra G\u00f6taland har 2018 publicerat Pilotprojektet F\u00f6rvaltningsplan f\u00f6r Nissan &hellip; <a href=\"https:\/\/ingemar.alenas.se\/?p=10449\" class=\"more-link\">Forts\u00e4tt l\u00e4sa <span class=\"screen-reader-text\">\u00c4trans f\u00f6rvaltning och utveckling<\/span> <span class=\"meta-nav\">&rarr;<\/span><\/a><\/p>\n","protected":false},"author":1,"featured_media":6874,"comment_status":"closed","ping_status":"closed","sticky":false,"template":"","format":"standard","meta":{"ngg_post_thumbnail":0,"footnotes":""},"categories":[2,3],"tags":[],"class_list":["post-10449","post","type-post","status-publish","format-standard","has-post-thumbnail","hentry","category-naturnytt","category-vattenblank"],"_links":{"self":[{"href":"https:\/\/ingemar.alenas.se\/index.php?rest_route=\/wp\/v2\/posts\/10449","targetHints":{"allow":["GET"]}}],"collection":[{"href":"https:\/\/ingemar.alenas.se\/index.php?rest_route=\/wp\/v2\/posts"}],"about":[{"href":"https:\/\/ingemar.alenas.se\/index.php?rest_route=\/wp\/v2\/types\/post"}],"author":[{"embeddable":true,"href":"https:\/\/ingemar.alenas.se\/index.php?rest_route=\/wp\/v2\/users\/1"}],"replies":[{"embeddable":true,"href":"https:\/\/ingemar.alenas.se\/index.php?rest_route=%2Fwp%2Fv2%2Fcomments&post=10449"}],"version-history":[{"count":24,"href":"https:\/\/ingemar.alenas.se\/index.php?rest_route=\/wp\/v2\/posts\/10449\/revisions"}],"predecessor-version":[{"id":10480,"href":"https:\/\/ingemar.alenas.se\/index.php?rest_route=\/wp\/v2\/posts\/10449\/revisions\/10480"}],"wp:featuredmedia":[{"embeddable":true,"href":"https:\/\/ingemar.alenas.se\/index.php?rest_route=\/wp\/v2\/media\/6874"}],"wp:attachment":[{"href":"https:\/\/ingemar.alenas.se\/index.php?rest_route=%2Fwp%2Fv2%2Fmedia&parent=10449"}],"wp:term":[{"taxonomy":"category","embeddable":true,"href":"https:\/\/ingemar.alenas.se\/index.php?rest_route=%2Fwp%2Fv2%2Fcategories&post=10449"},{"taxonomy":"post_tag","embeddable":true,"href":"https:\/\/ingemar.alenas.se\/index.php?rest_route=%2Fwp%2Fv2%2Ftags&post=10449"}],"curies":[{"name":"wp","href":"https:\/\/api.w.org\/{rel}","templated":true}]}}